{"id":46285,"date":"2022-09-27T22:25:39","date_gmt":"2022-09-28T03:25:39","guid":{"rendered":"http:\/\/www.zonaroja.com.mx\/?p=46285"},"modified":"2022-09-27T22:25:41","modified_gmt":"2022-09-28T03:25:41","slug":"otra-organizacion-violenta-codeci-secuestra-a-empleados-de-gobierno","status":"publish","type":"post","link":"https:\/\/zonaroja.com.mx\/?p=46285","title":{"rendered":"Otra organizaci\u00f3n violenta, Codeci, secuestra a empleados de gobierno"},"content":{"rendered":"\n<p>Ismael Garc\u00eda M.\/Zona Roja.<\/p>\n\n\n\n<p>Oaxaca de Ju\u00e1rez, Oax., a 27 de septiembre de 2022.- Una segunda retenci\u00f3n de empleados del Gobierno del Estado ocurri\u00f3 este martes en Oaxaca.<\/p>\n\n\n\n<p>Ahora fue por parte de la organizaci\u00f3n social Comit\u00e9 de Defensa Ciudadana (Codeci), con base social en la regi\u00f3n de la Cuenca, que se apoder\u00f3 del edificio en que tiene oficinas la Secretar\u00eda de Finanzas, en el complejo gubernamental de Ciudad Judicial, Reyes Mantec\u00f3n, San Bartolo Coyotepec.<\/p>\n\n\n\n<p>Con palos y machetes arribaron a temprana hora para exigir recursos financieros, supuestamente para obras sociales; al no tener respuesta, impidieron la salida de trabajadores.<\/p>\n\n\n\n<p>Por la tarde, amedrentaron a los ciudadanos y empleados de otras oficinas que se pretend\u00edan retirar a bordo de sus unidades; adem\u00e1s, violaron las chapas de algunos veh\u00edculos y los empujaron para formar una barricada; adem\u00e1s, cortaron ramas de \u00e1rboles para formar palos para su defensa.<\/p>\n\n\n\n<figure class=\"wp-block-embed is-type-rich is-provider-twitter wp-block-embed-twitter\"><div class=\"wp-block-embed__wrapper\">\n<div class=\"twitter-tweet\"><blockquote class=\"twitter-tweet\" data-lang=\"es\"><p lang=\"es\" dir=\"ltr\"><a href=\"https:\/\/twitter.com\/hashtag\/%C3%9AltimoMinuto?src=hash&amp;ref_src=twsrc%5Etfw\">#\u00daltimoMinuto<\/a> <br>\u00a1Por fin! Tras angustiantes horas de terror y violencia por parte de la organizaci\u00f3n Codeci, llega la Guardia Nacional a Ciudad Judicial, oficinas del gobierno de <a href=\"https:\/\/twitter.com\/hashtag\/Oaxaca?src=hash&amp;ref_src=twsrc%5Etfw\">#Oaxaca<\/a> ubicadas en San Bartolo Coyotepec, y se espera que sean liberados los trabajadores retenidos. <a href=\"https:\/\/t.co\/LYgKCe2qMr\">pic.twitter.com\/LYgKCe2qMr<\/a><\/p>&mdash; Zona Roja Oaxaca (@ZonaRoja_Oaxaca) <a href=\"https:\/\/twitter.com\/ZonaRoja_Oaxaca\/status\/1574918366434844673?ref_src=twsrc%5Etfw\">28 de septiembre de 2022<\/a><\/blockquote><\/div>\n<\/div><\/figure>\n\n\n\n<p>La desesperaci\u00f3n comenz\u00f3 a cundir entre los empleados, que no pod\u00edan ni asomarse en las puertas bajo el riesgo de ser golpeados; a trav\u00e9s de diversos videos, pidieron la ayuda de corporaciones policiacas.<\/p>\n\n\n\n<p>En tanto, el comit\u00e9 ejecutivo del Sindicato de Trabajadores al Servicio de los Poderes e Instituciones de Car\u00e1cter Descentralizadas Estatal emiti\u00f3 un comunicado para pedir a la base trabajadora a acudir a al rescate de sus afiliados.&nbsp;<\/p>\n\n\n\n<p>No fue sino despu\u00e9s de las 18:00 horas que llegaron elementos de la Guardia Nacional, pero s\u00f3lo a hacer presencia, pues ante el temor, los manifestantes dejaron salir a las mujeres; poco despu\u00e9s, los varones salieron a la fuerza.<\/p>\n\n\n\n<p>Los integrantes del Codeci no fueron molestos por los elementos de la Guardia y se mantienen en el inmueble y finalmente despu\u00e9s de las 21:00 horas logr\u00f3 salir la totalidad de trabajadores.<\/p>\n\n\n\n<p>Hasta el momento, la organizaci\u00f3n social permanece en la impunidad, al igual que el Comit\u00e9 de Defensa de los Derechos del Pueblo (Codep), que azuz\u00f3 la \u201ctoma\u201d violenta del Colegio Superior de Educaci\u00f3n Integral e Intercultural de Oaxaca, donde tambi\u00e9n retuvieron desde ayer a unos 20 empleados.<\/p>\n","protected":false},"excerpt":{"rendered":"<p>Ismael Garc\u00eda M.\/Zona Roja. Oaxaca de Ju\u00e1rez, Oax., a 27 de septiembre de 2022.- Una&hellip;<\/p>\n","protected":false},"author":2,"featured_media":46286,"comment_status":"closed","ping_status":"open","sticky":false,"template":"","format":"standard","meta":{"_lmt_disableupdate":"","_lmt_disable":"","_jetpack_memberships_contains_paid_content":false,"footnotes":""},"categories":[109,47],"tags":[],"class_list":["post-46285","post","type-post","status-publish","format-standard","has-post-thumbnail","hentry","category-minuto-a-minuto","category-zona-gris"],"jetpack_featured_media_url":"https:\/\/zonaroja.com.mx\/wp-content\/uploads\/2022\/09\/Retenidos-Ciudad-Judicial-Oaxaca.jpg","jetpack_sharing_enabled":true,"_links":{"self":[{"href":"https:\/\/zonaroja.com.mx\/index.php?rest_route=\/wp\/v2\/posts\/46285","targetHints":{"allow":["GET"]}}],"collection":[{"href":"https:\/\/zonaroja.com.mx\/index.php?rest_route=\/wp\/v2\/posts"}],"about":[{"href":"https:\/\/zonaroja.com.mx\/index.php?rest_route=\/wp\/v2\/types\/post"}],"author":[{"embeddable":true,"href":"https:\/\/zonaroja.com.mx\/index.php?rest_route=\/wp\/v2\/users\/2"}],"replies":[{"embeddable":true,"href":"https:\/\/zonaroja.com.mx\/index.php?rest_route=%2Fwp%2Fv2%2Fcomments&post=46285"}],"version-history":[{"count":1,"href":"https:\/\/zonaroja.com.mx\/index.php?rest_route=\/wp\/v2\/posts\/46285\/revisions"}],"predecessor-version":[{"id":46287,"href":"https:\/\/zonaroja.com.mx\/index.php?rest_route=\/wp\/v2\/posts\/46285\/revisions\/46287"}],"wp:featuredmedia":[{"embeddable":true,"href":"https:\/\/zonaroja.com.mx\/index.php?rest_route=\/wp\/v2\/media\/46286"}],"wp:attachment":[{"href":"https:\/\/zonaroja.com.mx\/index.php?rest_route=%2Fwp%2Fv2%2Fmedia&parent=46285"}],"wp:term":[{"taxonomy":"category","embeddable":true,"href":"https:\/\/zonaroja.com.mx\/index.php?rest_route=%2Fwp%2Fv2%2Fcategories&post=46285"},{"taxonomy":"post_tag","embeddable":true,"href":"https:\/\/zonaroja.com.mx\/index.php?rest_route=%2Fwp%2Fv2%2Ftags&post=46285"}],"curies":[{"name":"wp","href":"https:\/\/api.w.org\/{rel}","templated":true}]}}