{"id":46288,"date":"2022-09-28T06:42:41","date_gmt":"2022-09-28T11:42:41","guid":{"rendered":"http:\/\/www.zonaroja.com.mx\/?p=46288"},"modified":"2022-09-28T06:43:25","modified_gmt":"2022-09-28T11:43:25","slug":"inicia-poder-judicial-de-oaxaca-a-la-semana-de-la-mediacion","status":"publish","type":"post","link":"https:\/\/zonaroja.com.mx\/?p=46288","title":{"rendered":"Invita Poder Judicial de Oaxaca a la Semana de la Mediaci\u00f3n"},"content":{"rendered":"\n<p>Redacci\u00f3n\/Zona Roja.<\/p>\n\n\n\n<p>Oaxaca de Ju\u00e1rez, Oax., a 28 de septiembre de 2022.- El titular del Poder Judicial del Estado, magistrado Eduardo Pinacho S\u00e1nchez&nbsp;inaugur\u00f3 las actividades de la Semana de la Mediaci\u00f3n,&nbsp;que&nbsp;del&nbsp;27 al 29 de&nbsp;septiembre,&nbsp;re\u00fane&nbsp;a&nbsp;reconocidos especialistas a nivel nacional e internacional&nbsp;en el \u00e1mbito de los Mecanismos Alternativos de Soluci\u00f3n de Controversias, con el objetivo de compartir conocimientos y experiencias en&nbsp;un espacio de an\u00e1lisis y reflexi\u00f3n.&nbsp;<\/p>\n\n\n\n<p>En su mensaje, se\u00f1al\u00f3 que&nbsp;a 20 a\u00f1os de que en Oaxaca se implementara el modelo diferente al de la judicializaci\u00f3n&nbsp;para lograr&nbsp;acuerdos&nbsp;entre los involucrados&nbsp;en un asunto&nbsp;a trav\u00e9s de la voluntad, la cooperaci\u00f3n y el di\u00e1logo, sin&nbsp;tener que&nbsp;acudir&nbsp;ante&nbsp;un juez, es necesario repensar el sistema de justicia. \u201cEl proceso judicial,&nbsp;tenemos que reconocerlo, no siempre resuelve el conflicto, en&nbsp;algunos casos&nbsp;lo agrava y desemboca en situaciones verdaderamente&nbsp;dram\u00e1ticas\u201d, subray\u00f3.&nbsp;&nbsp;<\/p>\n\n\n\n<p>Por esa raz\u00f3n,&nbsp;resalt\u00f3 que&nbsp;en los sistemas procesales&nbsp;contempor\u00e1neos m\u00e1s&nbsp;actualizados como el&nbsp;Sistema&nbsp;Acusatorio&nbsp;Penal&nbsp;y en las materias&nbsp;mercantil, agraria&nbsp;y&nbsp;laboral,&nbsp;se contempla como una etapa preliminar agotar los&nbsp;Medios&nbsp;Alternos de&nbsp;Resoluci\u00f3n de&nbsp;Conflictos y de esa manera&nbsp;sea&nbsp;la sociedad mismala que resuelva&nbsp;un conflicto de una manera m\u00e1s eficiente y eficaz.&nbsp;<\/p>\n\n\n\n<p>Acompa\u00f1aron al magistrado presidente en la ceremonia&nbsp;el director del Instituto de Mediaci\u00f3n de M\u00e9xico, S.C., doctor Jorge Pesqueira Leal; el magistrado Ricardo Javier Herrera&nbsp;MuzgoRebollo, integrante de la&nbsp;Segunda Sala Civil&nbsp;del Tribunal Superior de Justicia&nbsp;y los directores del Centro de Justicia Alternativa,&nbsp;Betzzaida&nbsp;Cruz Mendoza y de Escuela Judicial, H\u00e9ctor Humberto V\u00e1squez Quevedo.&nbsp;<\/p>\n\n\n\n<p>En el primer d\u00eda de actividades se realizaron las conferencias&nbsp;\u201cLa relevancia de los elementos del conflicto en los nuevos modelos de la mediaci\u00f3n\u201d, con el doctor Jorge Pesqueira Leal, director del Instituto de Mediaci\u00f3n de M\u00e9xico y \u201cLa Justicia Restaurativa y sus \u00e1mbitos de aplicaci\u00f3n\u201d, a cargo de la maestra Mar\u00eda Antonieta&nbsp;Maltos&nbsp;Rodr\u00edguez, directora general del Instituto Internacional de Justicia Restaurativa y Derecho.<\/p>\n\n\n\n<p>Asimismo, \u201cAlcance Jur\u00eddico de los Convenios de Mediaci\u00f3n en Materia Civil\u201d, con el doctor Santiago Ignacio Quiroz Villarreal, presidente ejecutivo del Colegio Internacional de Facilitadores Mediare.<\/p>\n","protected":false},"excerpt":{"rendered":"<p>Redacci\u00f3n\/Zona Roja. Oaxaca de Ju\u00e1rez, Oax., a 28 de septiembre de 2022.- El titular del&hellip;<\/p>\n","protected":false},"author":2,"featured_media":46289,"comment_status":"closed","ping_status":"open","sticky":false,"template":"","format":"standard","meta":{"_lmt_disableupdate":"","_lmt_disable":"","_jetpack_memberships_contains_paid_content":false,"footnotes":""},"categories":[109,46],"tags":[223],"class_list":["post-46288","post","type-post","status-publish","format-standard","has-post-thumbnail","hentry","category-minuto-a-minuto","category-zona-blanca","tag-poder-judicial-de-oaxaca"],"jetpack_featured_media_url":"https:\/\/zonaroja.com.mx\/wp-content\/uploads\/2022\/09\/Poder-Judicial-Oaxaca-1.jpg","jetpack_sharing_enabled":true,"_links":{"self":[{"href":"https:\/\/zonaroja.com.mx\/index.php?rest_route=\/wp\/v2\/posts\/46288","targetHints":{"allow":["GET"]}}],"collection":[{"href":"https:\/\/zonaroja.com.mx\/index.php?rest_route=\/wp\/v2\/posts"}],"about":[{"href":"https:\/\/zonaroja.com.mx\/index.php?rest_route=\/wp\/v2\/types\/post"}],"author":[{"embeddable":true,"href":"https:\/\/zonaroja.com.mx\/index.php?rest_route=\/wp\/v2\/users\/2"}],"replies":[{"embeddable":true,"href":"https:\/\/zonaroja.com.mx\/index.php?rest_route=%2Fwp%2Fv2%2Fcomments&post=46288"}],"version-history":[{"count":2,"href":"https:\/\/zonaroja.com.mx\/index.php?rest_route=\/wp\/v2\/posts\/46288\/revisions"}],"predecessor-version":[{"id":46291,"href":"https:\/\/zonaroja.com.mx\/index.php?rest_route=\/wp\/v2\/posts\/46288\/revisions\/46291"}],"wp:featuredmedia":[{"embeddable":true,"href":"https:\/\/zonaroja.com.mx\/index.php?rest_route=\/wp\/v2\/media\/46289"}],"wp:attachment":[{"href":"https:\/\/zonaroja.com.mx\/index.php?rest_route=%2Fwp%2Fv2%2Fmedia&parent=46288"}],"wp:term":[{"taxonomy":"category","embeddable":true,"href":"https:\/\/zonaroja.com.mx\/index.php?rest_route=%2Fwp%2Fv2%2Fcategories&post=46288"},{"taxonomy":"post_tag","embeddable":true,"href":"https:\/\/zonaroja.com.mx\/index.php?rest_route=%2Fwp%2Fv2%2Ftags&post=46288"}],"curies":[{"name":"wp","href":"https:\/\/api.w.org\/{rel}","templated":true}]}}