{"id":4629,"date":"2019-10-07T16:53:37","date_gmt":"2019-10-07T21:53:37","guid":{"rendered":"http:\/\/www.zonaroja.com.mx\/?p=4629"},"modified":"2019-10-07T16:55:04","modified_gmt":"2019-10-07T21:55:04","slug":"ademas-del-aei-asesinado-hay-tres-personas-desaparecidas-en-xanica","status":"publish","type":"post","link":"https:\/\/zonaroja.com.mx\/?p=4629","title":{"rendered":"Adem\u00e1s del AEI asesinado, hay tres personas desaparecidas en Xanica"},"content":{"rendered":"\n<p>Redacci\u00f3n\/Zona\nRoja.<\/p>\n\n\n\n<p>Oaxaca\nde Ju\u00e1rez, Oax., 7 de octubre de 2019.- Adem\u00e1s de un elemento de la Agencia\nEstatal de Investigaciones (AEI) asesinado, hay cuatro personas lesionadas y otras\ntres desaparecidas, confirm\u00f3 la Fiscal\u00eda General del Estado de Oaxaca.<\/p>\n\n\n\n<p>Dos\nde quienes a\u00fan no son localizados forman parte de la Polic\u00eda Estatal,\ndependiente de la Secretar\u00eda de Seguridad P\u00fablica de Oaxaca (SSPO),\nidentificados como Uber Escand\u00f3n Canales y Francisco Esteban Santiago Gonz\u00e1lez,\ny el otro ser\u00eda un civil.<\/p>\n\n\n\n<p>V\u00eda redes sociales, la Fiscal\u00eda asever\u00f3 que se llevar\u00e1 a cabo una investigaci\u00f3n diligente y profesional \u201cy se proceder\u00e1 con todo el peso de la ley contra \u00e9l o los responsables\u201d del homicidio cometido contra un elemento de la AEI, identificado como Wilbert M. M.<\/p>\n\n\n\n<figure class=\"wp-block-embed-twitter wp-block-embed is-type-rich is-provider-twitter\"><div class=\"wp-block-embed__wrapper\">\n<div class=\"twitter-tweet\"><blockquote class=\"twitter-tweet\" data-lang=\"es\"><p lang=\"es\" dir=\"ltr\">Abre <a href=\"https:\/\/twitter.com\/FISCALIA_GobOax?ref_src=twsrc%5Etfw\">@FISCALIA_GobOax<\/a> investigaci\u00f3n por homicidio de agente de la <a href=\"https:\/\/twitter.com\/AEI_Oaxaca?ref_src=twsrc%5Etfw\">@AEI_Oaxaca<\/a> en la <a href=\"https:\/\/twitter.com\/hashtag\/Costa?src=hash&amp;ref_src=twsrc%5Etfw\">#Costa<\/a>; no habr\u00e1 impunidad y se proceder\u00e1 con todo el peso de la Ley: <a href=\"https:\/\/twitter.com\/RVasconcelosM?ref_src=twsrc%5Etfw\">@RVasconcelosM<\/a> <a href=\"https:\/\/twitter.com\/alejandromurat?ref_src=twsrc%5Etfw\">@alejandromurat<\/a> <a href=\"https:\/\/t.co\/GsqZYynf8z\">pic.twitter.com\/GsqZYynf8z<\/a><\/p>&mdash; Fiscal\u00eda General (@FISCALIA_GobOax) <a href=\"https:\/\/twitter.com\/FISCALIA_GobOax\/status\/1181274134480904192?ref_src=twsrc%5Etfw\">7 de octubre de 2019<\/a><\/blockquote><\/div>\n<\/div><\/figure>\n\n\n\n<p>Como\nse inform\u00f3, ayer personal del Instituto Estatal Electoral fue retenido en su\ntrayecto y obligado a acudir a la finca \u201cAlemania\u201d donde tiene una base el\nComit\u00e9 de Defensa de Derechos Ind\u00edgenas (Codedi).<\/p>\n\n\n\n<p>Ah\u00ed\nlos obligaron a llevarse al Hospital B\u00e1sico Comunitario de Santa Mar\u00eda Huatulco\na un individuo, severamente golpeado, maniatado y con huellas de tortura, que\nal llegar al nosocomio se confirm\u00f3 que ya hab\u00eda fallecido y era el agente\ninvestigador.<\/p>\n\n\n\n<p>\u201cAsimismo,\nen el contexto de registro a candidatos realizadas el pasado domingo 6 de\noctubre en Santiago Xanica, hasta este momento se reporta tambi\u00e9n de manera\npreliminar la desaparici\u00f3n de dos agentes de la Polic\u00eda Estatal de la\nSecretar\u00eda de Seguridad P\u00fablica y un civil que a\u00fan no ha sido identificado\u201d,\nindic\u00f3.<\/p>\n\n\n\n<p>Por los hechos, a trav\u00e9s de la Vicefiscal\u00eda Regional de la Costa, abri\u00f3 la Carpeta de Investigaci\u00f3n 34734\/FCOS\/HUATULCO\/2019.<\/p>\n\n\n\n<figure class=\"wp-block-image\"><img decoding=\"async\" width=\"720\" height=\"497\" src=\"http:\/\/www.zonaroja.com.mx\/wp-content\/uploads\/2019\/10\/517da087-280d-4d31-af0e-f8496908afbf.jpg\" alt=\"\" class=\"wp-image-4630\" srcset=\"https:\/\/zonaroja.com.mx\/wp-content\/uploads\/2019\/10\/517da087-280d-4d31-af0e-f8496908afbf.jpg 720w, https:\/\/zonaroja.com.mx\/wp-content\/uploads\/2019\/10\/517da087-280d-4d31-af0e-f8496908afbf-300x207.jpg 300w, https:\/\/zonaroja.com.mx\/wp-content\/uploads\/2019\/10\/517da087-280d-4d31-af0e-f8496908afbf-585x404.jpg 585w\" sizes=\"(max-width: 720px) 100vw, 720px\" \/><\/figure>\n\n\n\n<p>CONFIRMA\nIEEPCO<\/p>\n\n\n\n<p>Por\nsu parte, tambi\u00e9n en un comunicado, el Instituto Estatal Electoral y de\nParticipaci\u00f3n Ciudadana (IEEPCO) confirm\u00f3 que su personal cumpl\u00eda labores en\nuna comunidad de Santiago Xanica cuando fue retenida y obligada a llevarse un\ncuerpo.<\/p>\n\n\n\n<p>\u201cAl\ntener conocimiento de esta situaci\u00f3n, el IEEPCO asisti\u00f3 en todo momento a los\nfuncionarios, que se encuentran en libertad y a salvo. Ahora, el instituto\ncolabora con la informaci\u00f3n requerida para la carpeta de investigaci\u00f3n que\nabri\u00f3 Fiscal\u00eda General del Estado de Oaxaca por estos hechos.<\/p>\n\n\n\n<p>\u201cEl\nIEEPCO condena toda forma de violencia que ponga en riesgo la vida de las\npersonas, as\u00ed como la integridad de personal que labora en este instituto y que\ncumple con sus funciones electorales, es a trav\u00e9s de di\u00e1logo como debe\nresolverse todo conflicto o inconformidad\u201d, manifest\u00f3.<\/p>\n","protected":false},"excerpt":{"rendered":"<p>Redacci\u00f3n\/Zona Roja. Oaxaca de Ju\u00e1rez, Oax., 7 de octubre de 2019.- Adem\u00e1s de un elemento&hellip;<\/p>\n","protected":false},"author":2,"featured_media":4632,"comment_status":"closed","ping_status":"open","sticky":false,"template":"","format":"standard","meta":{"_lmt_disableupdate":"","_lmt_disable":"","_jetpack_memberships_contains_paid_content":false,"footnotes":""},"categories":[109,51],"tags":[494,628],"class_list":["post-4629","post","type-post","status-publish","format-standard","has-post-thumbnail","hentry","category-minuto-a-minuto","category-zona-roja","tag-fiscalia-general-del-estado-de-oaxaca","tag-santiago-xanica"],"jetpack_featured_media_url":"https:\/\/zonaroja.com.mx\/wp-content\/uploads\/2019\/10\/6945cecb-19c3-413a-9a71-c599cdcc24ea.jpg","jetpack_sharing_enabled":true,"_links":{"self":[{"href":"https:\/\/zonaroja.com.mx\/index.php?rest_route=\/wp\/v2\/posts\/4629","targetHints":{"allow":["GET"]}}],"collection":[{"href":"https:\/\/zonaroja.com.mx\/index.php?rest_route=\/wp\/v2\/posts"}],"about":[{"href":"https:\/\/zonaroja.com.mx\/index.php?rest_route=\/wp\/v2\/types\/post"}],"author":[{"embeddable":true,"href":"https:\/\/zonaroja.com.mx\/index.php?rest_route=\/wp\/v2\/users\/2"}],"replies":[{"embeddable":true,"href":"https:\/\/zonaroja.com.mx\/index.php?rest_route=%2Fwp%2Fv2%2Fcomments&post=4629"}],"version-history":[{"count":2,"href":"https:\/\/zonaroja.com.mx\/index.php?rest_route=\/wp\/v2\/posts\/4629\/revisions"}],"predecessor-version":[{"id":4689,"href":"https:\/\/zonaroja.com.mx\/index.php?rest_route=\/wp\/v2\/posts\/4629\/revisions\/4689"}],"wp:featuredmedia":[{"embeddable":true,"href":"https:\/\/zonaroja.com.mx\/index.php?rest_route=\/wp\/v2\/media\/4632"}],"wp:attachment":[{"href":"https:\/\/zonaroja.com.mx\/index.php?rest_route=%2Fwp%2Fv2%2Fmedia&parent=4629"}],"wp:term":[{"taxonomy":"category","embeddable":true,"href":"https:\/\/zonaroja.com.mx\/index.php?rest_route=%2Fwp%2Fv2%2Fcategories&post=4629"},{"taxonomy":"post_tag","embeddable":true,"href":"https:\/\/zonaroja.com.mx\/index.php?rest_route=%2Fwp%2Fv2%2Ftags&post=4629"}],"curies":[{"name":"wp","href":"https:\/\/api.w.org\/{rel}","templated":true}]}}