{"id":46294,"date":"2022-09-28T12:45:00","date_gmt":"2022-09-28T17:45:00","guid":{"rendered":"http:\/\/www.zonaroja.com.mx\/?p=46294"},"modified":"2022-09-28T06:49:33","modified_gmt":"2022-09-28T11:49:33","slug":"opinion-militarizacion-y-securitizacion-en-el-espiritu-de-los-tiempos","status":"publish","type":"post","link":"https:\/\/zonaroja.com.mx\/?p=46294","title":{"rendered":"Opini\u00f3n. Militarizaci\u00f3n y securitizaci\u00f3n en el esp\u00edritu de los tiempos"},"content":{"rendered":"\n<p>Gibr\u00e1n Ram\u00edrez Reyes*<\/p>\n\n\n\n<p>La militarizaci\u00f3n en M\u00e9xico fue consecuencia del discurso de securitizaci\u00f3n impulsado por las \u00e9lites empresariales, su peri\u00f3dico y la derecha partidista. Tuvo su contribuci\u00f3n, que no debe ser olvidada, L\u00f3pez Obrador y su entonces secretario de seguridad p\u00fablica, Marcelo Ebrard Casaub\u00f3n.&nbsp;<\/p>\n\n\n\n<p>En 2004 se realiz\u00f3 la marcha \u201cpor el rescate de M\u00e9xico\u201d, promovida por el Consejo Coordinador Empresarial y organizaciones dedicadas al combate del secuestro.&nbsp;<\/p>\n\n\n\n<p>L\u00f3pez Obrador desestim\u00f3 la marcha, que encontraba en \u00e9l uno de sus principales se\u00f1alados. Con raz\u00f3n, AMLO la se\u00f1al\u00f3 como una marcha de pirrurris. Era un reclamo de clase en un momento relativamente pac\u00edfico para el pa\u00eds que requer\u00eda estrategias de seguridad p\u00fablica puntuales.&nbsp;<\/p>\n\n\n\n<p>El primer gran despliegue medi\u00e1tico despu\u00e9s de eso fue el Acuerdo M\u00e9xico Seguro que Vicente Fox anunci\u00f3 en el a\u00f1o 2005.&nbsp;<\/p>\n\n\n\n<p>En contra de lo que dec\u00edan los n\u00fameros y la vocer\u00eda de la presidencia de la Rep\u00fablica, la oposici\u00f3n, la embajada de los Estados Unidos en la voz de Tony Garza y las organizaciones de la sociedad civil cercanas a la c\u00fapula empresarial impulsaron la impresi\u00f3n de una crisis de seguridad.&nbsp;<\/p>\n\n\n\n<p>\u201cNo permitiremos que M\u00e9xico se convierta en Colombia\u201d, le dijo la c\u00fapula empresarial al gobierno federal panista y pidi\u00f3, m\u00e1s que reformas legales, aplicar toda la fuerza del Estado. Esperaban, fantasiosamente, que los operativos \u201cbarrieran las bandas del narcotr\u00e1fico\u201d y a cambio obtuvieron solamente, seg\u00fan dijeron, \u201cdesfiles\u201d y \u201cretenes\u201d.&nbsp;<\/p>\n\n\n\n<p>Las balas y el exterminio todav\u00eda no les eran concedidas en la cantidad que esperaban. Y, a partir de entonces, la cuenta de muertos ya no abandon\u00f3 nunca las p\u00e1ginas de los diarios.&nbsp;<\/p>\n\n\n\n<p>En las campa\u00f1as de 2006, influidas por esas presiones que adem\u00e1s serv\u00edan a la oposici\u00f3n para descalificar a Fox, el tono militarista aparec\u00eda por los dos flancos.&nbsp;<\/p>\n\n\n\n<p>La coincidencia ven\u00eda de antes y no necesariamente fue idea del dirigente desaforado en 2005. L\u00f3pez Obrador, despu\u00e9s de que Marcelo Ebrard se lo propusiera, apadrin\u00f3 desde 2002 al que ser\u00eda, a la postre, el principal y m\u00e1s exitoso promotor del discurso m\u00e1s derechista sobre seguridad en el mundo: Rudolph Giuliani.&nbsp;<\/p>\n\n\n\n<p>Fue en la Ciudad de M\u00e9xico donde, como exalcalde de New York, Giuliani se estren\u00f3 como consultor. Fue aqu\u00ed donde, promovido por Marcelo Ebrard, Carlos Slim y un grupo de empresarios encabezado por Mois\u00e9s Saba, firm\u00f3 un contrato por 4.5 millones de d\u00f3lares para hacer una evaluaci\u00f3n y una propuesta de pol\u00edtica contra la criminalidad.&nbsp;<\/p>\n\n\n\n<p>Giuliani fue famoso porque, en su gesti\u00f3n como alcalde de Nueva York, se dio una r\u00e1pida reducci\u00f3n de la criminalidad. La propuesta no tuvo un \u00e9xito concreto.&nbsp;<\/p>\n\n\n\n<p>Solamente deriv\u00f3 en recomendaciones como reprimir la econom\u00eda informal, el ambulantaje y la prostituci\u00f3n, que fueron apoyadas por medios de comunicaci\u00f3n con cuyos prejuicios las propuestas coincid\u00edan.&nbsp;<\/p>\n\n\n\n<p>Quiz\u00e1 la Ley de Cultura C\u00edvica es el principal rastro que qued\u00f3 de las ideas que lo animan. Sintom\u00e1ticamente, el discurso de Giuliani, de su jefe de polic\u00eda (quien se hizo consultor antes de \u00e9l), el de la ley de cultura c\u00edvica y el actual de L\u00f3pez Obrador, enaltecen el buen comportamiento.&nbsp;<\/p>\n\n\n\n<p>Lo que vale no son los acuerdos que disminuyan los conflictos, lo importante es portarse bien. Pueden portarse bien los delincuentes en las jornadas electorales y pueden portarse bien los habitantes de los guetos. Para William Bratton \u2013el ya mencionado polic\u00eda-, \u201cLa causa del delito es el mal comportamiento de los individuos, no es la consecuencia de condiciones sociales\u201d.&nbsp;<\/p>\n\n\n\n<p>*Doctor en ciencia pol\u00edtica por la UNAM.<\/p>\n","protected":false},"excerpt":{"rendered":"<p>Gibr\u00e1n Ram\u00edrez Reyes* La militarizaci\u00f3n en M\u00e9xico fue consecuencia del discurso de securitizaci\u00f3n impulsado por&hellip;<\/p>\n","protected":false},"author":2,"featured_media":41734,"comment_status":"closed","ping_status":"open","sticky":false,"template":"","format":"standard","meta":{"_lmt_disableupdate":"","_lmt_disable":"","_jetpack_memberships_contains_paid_content":false,"footnotes":""},"categories":[456,109],"tags":[2489],"class_list":["post-46294","post","type-post","status-publish","format-standard","has-post-thumbnail","hentry","category-columna","category-minuto-a-minuto","tag-gibran-ramirez-reyes"],"jetpack_featured_media_url":"https:\/\/zonaroja.com.mx\/wp-content\/uploads\/2022\/05\/Opinion-Gibran-Ramirez-Reyes.jpg","jetpack_sharing_enabled":true,"_links":{"self":[{"href":"https:\/\/zonaroja.com.mx\/index.php?rest_route=\/wp\/v2\/posts\/46294","targetHints":{"allow":["GET"]}}],"collection":[{"href":"https:\/\/zonaroja.com.mx\/index.php?rest_route=\/wp\/v2\/posts"}],"about":[{"href":"https:\/\/zonaroja.com.mx\/index.php?rest_route=\/wp\/v2\/types\/post"}],"author":[{"embeddable":true,"href":"https:\/\/zonaroja.com.mx\/index.php?rest_route=\/wp\/v2\/users\/2"}],"replies":[{"embeddable":true,"href":"https:\/\/zonaroja.com.mx\/index.php?rest_route=%2Fwp%2Fv2%2Fcomments&post=46294"}],"version-history":[{"count":1,"href":"https:\/\/zonaroja.com.mx\/index.php?rest_route=\/wp\/v2\/posts\/46294\/revisions"}],"predecessor-version":[{"id":46295,"href":"https:\/\/zonaroja.com.mx\/index.php?rest_route=\/wp\/v2\/posts\/46294\/revisions\/46295"}],"wp:featuredmedia":[{"embeddable":true,"href":"https:\/\/zonaroja.com.mx\/index.php?rest_route=\/wp\/v2\/media\/41734"}],"wp:attachment":[{"href":"https:\/\/zonaroja.com.mx\/index.php?rest_route=%2Fwp%2Fv2%2Fmedia&parent=46294"}],"wp:term":[{"taxonomy":"category","embeddable":true,"href":"https:\/\/zonaroja.com.mx\/index.php?rest_route=%2Fwp%2Fv2%2Fcategories&post=46294"},{"taxonomy":"post_tag","embeddable":true,"href":"https:\/\/zonaroja.com.mx\/index.php?rest_route=%2Fwp%2Fv2%2Ftags&post=46294"}],"curies":[{"name":"wp","href":"https:\/\/api.w.org\/{rel}","templated":true}]}}