{"id":46296,"date":"2022-09-28T08:50:00","date_gmt":"2022-09-28T13:50:00","guid":{"rendered":"http:\/\/www.zonaroja.com.mx\/?p=46296"},"modified":"2022-09-28T07:19:20","modified_gmt":"2022-09-28T12:19:20","slug":"convoca-coyotepec-a-reforzar-lucha-en-defensa-del-agua","status":"publish","type":"post","link":"https:\/\/zonaroja.com.mx\/?p=46296","title":{"rendered":"Convoca Coyotepec a reforzar lucha en defensa del agua"},"content":{"rendered":"\n<p>Ismael Garc\u00eda M.\/Zona Roja.<\/p>\n\n\n\n<p>Oaxaca de Ju\u00e1rez, Oax., a 29 de septiembre de 2022.- Comuneros y ambientalistas de San Bartolo Coyotepec convocan a reforzar la lucha en defensa del agua.<\/p>\n\n\n\n<p>Tras la recuperaci\u00f3n de la mayor parte del predio que ocupa la empresa Gugar, los habitantes del municipio ubicado al sur de la capital, invitaron a especialistas, comunidades, colectivos y defensores de la tierra a participar en la jornada, que se efectuar\u00e1 el pr\u00f3ximo 2 de octubre.<\/p>\n\n\n\n<p>\u201cEl derecho humano al agua es indispensable para tener una vida digna, todas y todos los integrantes de una comunidad lo sabemos por experiencia. Es un saber que, de generaci\u00f3n en generaci\u00f3n, nos ha sido platicado por nuestros antiguas y que actualmente vivimos.<\/p>\n\n\n\n<p>\u201c\u00a1La lluvia es de todas y todos los seres y el agua que se junta de ella es vida! Por tal saber, el pueblo de San Bartolo Coyotepec hizo la pregunta al gobierno: Por qu\u00e9 permites que el agua se convierta en propiedad privada, por qu\u00e9 has dado permiso para que el agua la venda un particular. Toda vez que el agua es indispensable para la vida de todas y todos los seres vivos\u201d, detallaron en la convocatoria.<\/p>\n\n\n\n<p>Consideraron que el gobierno, estatal como federal, debe entender que el agua debe considerarse como un bien social y cultural y no como un bien econ\u00f3mico.<\/p>\n\n\n\n<p>Recordaron que con la recuperaci\u00f3n, el pasado 5 de septiembre, de la mayor parte del predio comunal de Gugar, el pueblo de San Bartolo Coyotepec \u201crestituye su leg\u00edtimo derecho a decidir sobre sus formas internas de convivencia y organizaci\u00f3n social, econ\u00f3mica, pol\u00edtica y cultural para conservar y mejorar el h\u00e1bitat y preservar la integridad de sus tierras y sus recursos naturales.<\/p>\n\n\n\n<p>\u201cRestableciendo con ello, el estado de Derecho que determinan los instrumentos internacionales, la Constituci\u00f3n y las leyes que rigen en la materia. En presentes fechas la lucha por el reconocimiento de nuestros derechos ha dado ya sus primeros frutos, no obstante, las actividades de defensa del agua contin\u00faan hasta lograr el pleno reconocimiento de lo que, por ley, el Estado est\u00e1 obligado a garantizarnos\u201d.<\/p>\n\n\n\n<p>En consonancia con ello, el Comisariado de Bienes Comunales convoca a la convivencia comunitaria en defensa del agua, el pr\u00f3ximo domingo 2 de octubre a las 11:00 horas, en el exterior de la empresa Gugar, a fin de profundizar en el tema, con todos los actores sociales interesados en la preservaci\u00f3n de los recursos naturales.<\/p>\n","protected":false},"excerpt":{"rendered":"<p>Ismael Garc\u00eda M.\/Zona Roja. Oaxaca de Ju\u00e1rez, Oax., a 29 de septiembre de 2022.- Comuneros&hellip;<\/p>\n","protected":false},"author":2,"featured_media":46297,"comment_status":"closed","ping_status":"open","sticky":false,"template":"","format":"standard","meta":{"_lmt_disableupdate":"","_lmt_disable":"","_jetpack_memberships_contains_paid_content":false,"footnotes":""},"categories":[109,46],"tags":[1155],"class_list":["post-46296","post","type-post","status-publish","format-standard","has-post-thumbnail","hentry","category-minuto-a-minuto","category-zona-blanca","tag-san-bartolo-coyotepec"],"jetpack_featured_media_url":"https:\/\/zonaroja.com.mx\/wp-content\/uploads\/2022\/09\/Gugar-San-Bartolo-Coyotepec.jpg","jetpack_sharing_enabled":true,"_links":{"self":[{"href":"https:\/\/zonaroja.com.mx\/index.php?rest_route=\/wp\/v2\/posts\/46296","targetHints":{"allow":["GET"]}}],"collection":[{"href":"https:\/\/zonaroja.com.mx\/index.php?rest_route=\/wp\/v2\/posts"}],"about":[{"href":"https:\/\/zonaroja.com.mx\/index.php?rest_route=\/wp\/v2\/types\/post"}],"author":[{"embeddable":true,"href":"https:\/\/zonaroja.com.mx\/index.php?rest_route=\/wp\/v2\/users\/2"}],"replies":[{"embeddable":true,"href":"https:\/\/zonaroja.com.mx\/index.php?rest_route=%2Fwp%2Fv2%2Fcomments&post=46296"}],"version-history":[{"count":1,"href":"https:\/\/zonaroja.com.mx\/index.php?rest_route=\/wp\/v2\/posts\/46296\/revisions"}],"predecessor-version":[{"id":46298,"href":"https:\/\/zonaroja.com.mx\/index.php?rest_route=\/wp\/v2\/posts\/46296\/revisions\/46298"}],"wp:featuredmedia":[{"embeddable":true,"href":"https:\/\/zonaroja.com.mx\/index.php?rest_route=\/wp\/v2\/media\/46297"}],"wp:attachment":[{"href":"https:\/\/zonaroja.com.mx\/index.php?rest_route=%2Fwp%2Fv2%2Fmedia&parent=46296"}],"wp:term":[{"taxonomy":"category","embeddable":true,"href":"https:\/\/zonaroja.com.mx\/index.php?rest_route=%2Fwp%2Fv2%2Fcategories&post=46296"},{"taxonomy":"post_tag","embeddable":true,"href":"https:\/\/zonaroja.com.mx\/index.php?rest_route=%2Fwp%2Fv2%2Ftags&post=46296"}],"curies":[{"name":"wp","href":"https:\/\/api.w.org\/{rel}","templated":true}]}}