{"id":46299,"date":"2022-09-28T07:41:52","date_gmt":"2022-09-28T12:41:52","guid":{"rendered":"http:\/\/www.zonaroja.com.mx\/?p=46299"},"modified":"2022-09-28T07:41:54","modified_gmt":"2022-09-28T12:41:54","slug":"sol-rojo-y-el-fp-14-de-junio-se-disputan-a-balazos-predio-en-xoxocotlan","status":"publish","type":"post","link":"https:\/\/zonaroja.com.mx\/?p=46299","title":{"rendered":"\u201cSol Rojo\u201d y el FP \u201c14 de Junio\u201d se disputan a balazos predio en Xoxocotl\u00e1n"},"content":{"rendered":"\n<p>Ismael Garc\u00eda M.\/Zona Roja.<\/p>\n\n\n\n<p>Oaxaca de Ju\u00e1rez, Oax., a 28 de junio de 2022.- Las organizaciones sociales \u201cSol Rojo\u201d y el Frente Popular \u201c14 de Junio\u201d se disputaron anoche a balazos un predio en Santa Cruz Xoxocotl\u00e1n, Oaxaca.<\/p>\n\n\n\n<p>Fue alrededor de las 22:00 horas en que se suscitaron los hechos en la colonia Lomas de Monte Alb\u00e1n, tras lo cual arribaron elementos de la polic\u00eda municipal y detuvieron a una persona.<\/p>\n\n\n\n<p>Seg\u00fan los vecinos, son los integrantes de \u201cSol Rojo\u201d que, con personas extranjeras y de otros pueblos, han invadido predios en la zona, para construir viviendas precarias.<\/p>\n\n\n\n<p>No obstante, la agrupaci\u00f3n que encabezan Javier Aluz Mancera y Yolanda Ruiz, acus\u00f3 al Frente Popular de agredirlos a balazos \u201ccon armas de uso exclusivo de las fuerzas armadas.<\/p>\n\n\n\n<p>\u201cHay desaparecidos, detenidos y torturados por este grupo del c\u00e1rtel del despojo\u201d\u201d, dijo en un comunicado, al reconocer la detenci\u00f3n de uno de sus militantes, Mario David Escobar Gonz\u00e1lez.<\/p>\n\n\n\n<p>Por ello, esta ma\u00f1ana realizan una protesta sobre la carretera federal 175, en jurisdicci\u00f3n de San Bartolo Coyotepec, a la altura de la v\u00eda que conduce a la zona de hospitales.<\/p>\n","protected":false},"excerpt":{"rendered":"<p>Ismael Garc\u00eda M.\/Zona Roja. Oaxaca de Ju\u00e1rez, Oax., a 28 de junio de 2022.- Las&hellip;<\/p>\n","protected":false},"author":2,"featured_media":46300,"comment_status":"closed","ping_status":"open","sticky":false,"template":"","format":"standard","meta":{"_lmt_disableupdate":"","_lmt_disable":"","_jetpack_memberships_contains_paid_content":false,"footnotes":""},"categories":[109,47],"tags":[2041],"class_list":["post-46299","post","type-post","status-publish","format-standard","has-post-thumbnail","hentry","category-minuto-a-minuto","category-zona-gris","tag-organizacion-sol-rojo"],"jetpack_featured_media_url":"https:\/\/zonaroja.com.mx\/wp-content\/uploads\/2022\/09\/Sol-Rojo.webp","jetpack_sharing_enabled":true,"_links":{"self":[{"href":"https:\/\/zonaroja.com.mx\/index.php?rest_route=\/wp\/v2\/posts\/46299","targetHints":{"allow":["GET"]}}],"collection":[{"href":"https:\/\/zonaroja.com.mx\/index.php?rest_route=\/wp\/v2\/posts"}],"about":[{"href":"https:\/\/zonaroja.com.mx\/index.php?rest_route=\/wp\/v2\/types\/post"}],"author":[{"embeddable":true,"href":"https:\/\/zonaroja.com.mx\/index.php?rest_route=\/wp\/v2\/users\/2"}],"replies":[{"embeddable":true,"href":"https:\/\/zonaroja.com.mx\/index.php?rest_route=%2Fwp%2Fv2%2Fcomments&post=46299"}],"version-history":[{"count":1,"href":"https:\/\/zonaroja.com.mx\/index.php?rest_route=\/wp\/v2\/posts\/46299\/revisions"}],"predecessor-version":[{"id":46301,"href":"https:\/\/zonaroja.com.mx\/index.php?rest_route=\/wp\/v2\/posts\/46299\/revisions\/46301"}],"wp:featuredmedia":[{"embeddable":true,"href":"https:\/\/zonaroja.com.mx\/index.php?rest_route=\/wp\/v2\/media\/46300"}],"wp:attachment":[{"href":"https:\/\/zonaroja.com.mx\/index.php?rest_route=%2Fwp%2Fv2%2Fmedia&parent=46299"}],"wp:term":[{"taxonomy":"category","embeddable":true,"href":"https:\/\/zonaroja.com.mx\/index.php?rest_route=%2Fwp%2Fv2%2Fcategories&post=46299"},{"taxonomy":"post_tag","embeddable":true,"href":"https:\/\/zonaroja.com.mx\/index.php?rest_route=%2Fwp%2Fv2%2Ftags&post=46299"}],"curies":[{"name":"wp","href":"https:\/\/api.w.org\/{rel}","templated":true}]}}