{"id":46311,"date":"2022-09-28T18:17:33","date_gmt":"2022-09-28T23:17:33","guid":{"rendered":"https:\/\/www.zonaroja.com.mx\/?p=46311"},"modified":"2022-09-28T18:17:35","modified_gmt":"2022-09-28T23:17:35","slug":"devuelven-identidad-oficial-a-hermanos-conzatti-victimas-del-cartel-de-despojo","status":"publish","type":"post","link":"https:\/\/zonaroja.com.mx\/?p=46311","title":{"rendered":"Devuelven identidad oficial a hermanos Conzatti, v\u00edctimas del \u201cC\u00e1rtel de despojo\u201d"},"content":{"rendered":"\n<p>Yuridiana Sosa\/ Zona Roja. Foto: Regeneraci\u00f3n <\/p>\n\n\n\n<p>Oaxaca de Ju\u00e1rez, Oax., 28 de septiembre de 2022.- Tras dos a\u00f1os de una batalla legal, judicial y denuncias p\u00fablicas, los hermanos G\u00f3mez Conzatti lograron que el gobierno de Oaxaca les repusiera sus actas de nacimiento, devolvi\u00e9ndoles su identidad oficial tras ser presuntamente v\u00edctimas del \u201cC\u00e1rtel del despojo\u201d.<\/p>\n\n\n\n<p>En septiembre de 2020, la familia G\u00f3mez Conzatti rompi\u00f3 el silencio y comenz\u00f3 un proceso legal en busca de la recuperaci\u00f3n de sus identidades, luego que las actas originales de nacimiento de tres hermanos fueron borradas y sustituidas con datos ap\u00f3crifos.<\/p>\n\n\n\n<p>La familia estaba siendo supuestamente v\u00edctima de tentativa de despojo de propiedades, hecho que ha trascendido hasta el \u00e1mbito nacional con la intervenci\u00f3n del Gobierno de M\u00e9xico para frenar los delitos por una red en la que se involucran servidores p\u00fablicos y notarios. <\/p>\n\n\n\n<p>\u201cEl gobierno de Oaxaca ha repuesto de manera definitiva nuestros registros de nacimiento. Por instrucciones del gobernador el Registro Civil ha revisado sus respaldos y las pruebas son irrefutables: los hnos. Conzatti hemos estado inscritos desde hace 35, 39 y 41 a\u00f1os\u201d, public\u00f3 desde su cuenta de Twitter, Caleb G\u00f3mez Conzatti.<\/p>\n\n\n\n<p>En un hilo de publicaci\u00f3n, el afectado detall\u00f3 parte de las acciones realizadas desde el Registro Civil de Oaxaca. \u201cLos archivos del Registro Civil fueron borrados, alterados y usados en nuestra contra, suprimieron nuestras identidades con fines de despojo en beneficio del notario 135 Jorge Merlo \u2013Jorge Alberto Melo G\u00f3mez\u201d.&nbsp;<\/p>\n\n\n\n<p>Todas estas acciones en su contra afectaron derechos humanos y desde la Corte Interamericana de Derechos Humanos (CIDH) \u201ces una forma de desaparici\u00f3n forzada\u201d, cit\u00f3.<\/p>\n\n\n\n<p>El afectado sentenci\u00f3 el ejercicio p\u00fablico y abuso de autoridades, por lo que tras agradecer al gobernador Alejandro Murat actuar sobre el caso, G\u00f3mez Conzatti le se\u00f1al\u00f3 \u201cno tenemos un problema de identidad, sino que son directivos del Registro Civil los que tienen un problema de uso indebido del servicio p\u00fablico\u201d.<\/p>\n\n\n\n<p>La devoluci\u00f3n de sus actas, en su caso, no es suficiente, sentenci\u00f3 Caleb G\u00f3mez, quien sostuvo que debe haber un castigo para la no repetici\u00f3n de estos actos.&nbsp;<\/p>\n\n\n\n<p>\u201cEl camino no acaba aqu\u00ed para las v\u00edctimas, gobernador m\u00e1s all\u00e1 de la restituci\u00f3n integral de nuestro patrimonio y de que se salvaguarden nuestras vidas, la sociedad oaxaque\u00f1a merece que estos delitos se castiguen para que ning\u00fan Hijo de Oaxaca vuelva a sufrir este delito de lesa humanidad\u201d, expuso. <\/p>\n\n\n\n<p><br><\/p>\n","protected":false},"excerpt":{"rendered":"<p>Yuridiana Sosa\/ Zona Roja. Foto: Regeneraci\u00f3n Oaxaca de Ju\u00e1rez, Oax., 28 de septiembre de 2022.-&hellip;<\/p>\n","protected":false},"author":2,"featured_media":46310,"comment_status":"closed","ping_status":"open","sticky":false,"template":"","format":"standard","meta":{"_lmt_disableupdate":"","_lmt_disable":"","_jetpack_memberships_contains_paid_content":false,"footnotes":""},"categories":[109,47],"tags":[],"class_list":["post-46311","post","type-post","status-publish","format-standard","has-post-thumbnail","hentry","category-minuto-a-minuto","category-zona-gris"],"jetpack_featured_media_url":"https:\/\/zonaroja.com.mx\/wp-content\/uploads\/2022\/09\/img_6520.jpg","jetpack_sharing_enabled":true,"_links":{"self":[{"href":"https:\/\/zonaroja.com.mx\/index.php?rest_route=\/wp\/v2\/posts\/46311","targetHints":{"allow":["GET"]}}],"collection":[{"href":"https:\/\/zonaroja.com.mx\/index.php?rest_route=\/wp\/v2\/posts"}],"about":[{"href":"https:\/\/zonaroja.com.mx\/index.php?rest_route=\/wp\/v2\/types\/post"}],"author":[{"embeddable":true,"href":"https:\/\/zonaroja.com.mx\/index.php?rest_route=\/wp\/v2\/users\/2"}],"replies":[{"embeddable":true,"href":"https:\/\/zonaroja.com.mx\/index.php?rest_route=%2Fwp%2Fv2%2Fcomments&post=46311"}],"version-history":[{"count":1,"href":"https:\/\/zonaroja.com.mx\/index.php?rest_route=\/wp\/v2\/posts\/46311\/revisions"}],"predecessor-version":[{"id":46312,"href":"https:\/\/zonaroja.com.mx\/index.php?rest_route=\/wp\/v2\/posts\/46311\/revisions\/46312"}],"wp:featuredmedia":[{"embeddable":true,"href":"https:\/\/zonaroja.com.mx\/index.php?rest_route=\/wp\/v2\/media\/46310"}],"wp:attachment":[{"href":"https:\/\/zonaroja.com.mx\/index.php?rest_route=%2Fwp%2Fv2%2Fmedia&parent=46311"}],"wp:term":[{"taxonomy":"category","embeddable":true,"href":"https:\/\/zonaroja.com.mx\/index.php?rest_route=%2Fwp%2Fv2%2Fcategories&post=46311"},{"taxonomy":"post_tag","embeddable":true,"href":"https:\/\/zonaroja.com.mx\/index.php?rest_route=%2Fwp%2Fv2%2Ftags&post=46311"}],"curies":[{"name":"wp","href":"https:\/\/api.w.org\/{rel}","templated":true}]}}