{"id":46320,"date":"2022-09-28T21:14:53","date_gmt":"2022-09-29T02:14:53","guid":{"rendered":"http:\/\/www.zonaroja.com.mx\/?p=46320"},"modified":"2022-09-28T21:14:55","modified_gmt":"2022-09-29T02:14:55","slug":"otra-vez-reanudan-dialogo-gobiernos-y-triquis-y-hay-un-asesinado","status":"publish","type":"post","link":"https:\/\/zonaroja.com.mx\/?p=46320","title":{"rendered":"\u00a1Otra vez! Reanudan di\u00e1logo gobiernos y Triquis\u2026 y hay un asesinado"},"content":{"rendered":"\n<p>Ismael Garc\u00eda M.\/Zona Roja.<\/p>\n\n\n\n<p>Oaxaca de Ju\u00e1rez, Oax., a 28 de 28 de septiembre de 2022.- El gobierno de Oaxaca y la Secretar\u00eda de Gobernaci\u00f3n reanudaron este mi\u00e9rcoles las mesas de di\u00e1logo con ind\u00edgenas triquis y organizaciones, para retomar el tema de los desplazados de Tierra Blanca Copla, Juxtlahuaca.<\/p>\n\n\n\n<p>Durante la reuni\u00f3n efectuada en la ciudad de M\u00e9xico participaron el mandatario Alejandro Murat Hinojosa; el subsecretario de Gobernaci\u00f3n, Alejandro Encinas, y las representaciones del Movimiento de Unificaci\u00f3n y Lucha Triqui (MULT) y el Movimiento de Unificaci\u00f3n y Lucha Triqui Independiente (MULTI).<\/p>\n\n\n\n<p>Las partes refrendaron su compromiso por la pacificaci\u00f3n de la zona; el objetivo es \u201calcanzar acuerdos que nos encaminen a la paz, en la zona Triqui\u201d, difundi\u00f3 el gobernador.<\/p>\n\n\n\n<p>\u201cReanudamos las mesas del proceso de construcci\u00f3n de paz en la regi\u00f3n Triqui de Oaxaca en atenci\u00f3n de los habitantes de Tierra Blanca, Copala, en coordinaci\u00f3n con el gobernador Alejandro Murat\u201d, poste\u00f3 en sus redes sociales Alejandro Encinas.<\/p>\n\n\n\n<p>EL CRIMEN<\/p>\n\n\n\n<p>Sin embargo, apenas hab\u00eda culminado el encuentro, el MULT emiti\u00f3 un comunicado con n\u00famero MULT(COM\/005\/22, en que denunci\u00f3 que ayer aproximadamente a las nueve de la noche, en las inmediaciones de Agua Fr\u00eda, Juxtlahuaca, \u201cfue asesinato arteramente Jos\u00e9 Catarino Mart\u00ednez, de 52 a\u00f1os de edad, de la comunidad hermana la Concepci\u00f3n Carrizal\u201d.<\/p>\n\n\n\n<p>Dicha comunidad \u201cque no simpatiza con ninguna organizaci\u00f3n de la zona Triqui y que hoy sufre la irreparable p\u00e9rdida de uno de sus integrantes, por aquellos que buscan desestabilizar a trav\u00e9s de la violencia la naci\u00f3n Triqui, que no buscan el dialogo, buscan la divisi\u00f3n y el lucrar con la sangre y sufrimiento de nuestros hermanos, su di\u00e1logo es disparar bajo las \u00f3rdenes del poder local, y provocar terror, para despu\u00e9s lavarse la cara; sin duda ir\u00e1n al basurero de la historia\u201d, expuso.<\/p>\n\n\n\n<p>Ante ello demand\u00f3 el esclarecimiento del este \u201cartero crimen y se castigue a los autores materiales e intelectuales y que se llegue hasta las \u00faltimas consecuencias\u201d.<\/p>\n\n\n\n<p>Agreg\u00f3 que contin\u00faan a la espera del esclarecimiento del asesinato de Luciano P\u00e9rez Martinez, ocurrido en el mes de mayo, y de la emboscada del 9 de agosto, \u201ccompa\u00f1eros asesinados y en el segundo evento fueron gravemente heridas seis compa\u00f1eras, al respecto afirmamos que, dejar en impunidad estos hechos es seguir permitiendo m\u00e1s violencia\u201d.<\/p>\n\n\n\n<figure class=\"wp-block-embed is-type-rich is-provider-twitter wp-block-embed-twitter\"><div class=\"wp-block-embed__wrapper\">\n<div class=\"twitter-tweet\"><blockquote class=\"twitter-tweet\" data-lang=\"es\"><p lang=\"es\" dir=\"ltr\">Reanudamos las mesas del proceso de construcci\u00f3n de paz en la regi\u00f3n triqui de Oaxaca en atenci\u00f3n de los habitantes de Tierra Blanca, Copala en coordinaci\u00f3n con el gobernador <a href=\"https:\/\/twitter.com\/alejandromurat?ref_src=twsrc%5Etfw\">@alejandromurat<\/a> <a href=\"https:\/\/t.co\/wKzwpbAMYT\">pic.twitter.com\/wKzwpbAMYT<\/a><\/p>&mdash; Alejandro Encinas (@A_Encinas_R) <a href=\"https:\/\/twitter.com\/A_Encinas_R\/status\/1575165156379590660?ref_src=twsrc%5Etfw\">28 de septiembre de 2022<\/a><\/blockquote><\/div>\n<\/div><\/figure>\n","protected":false},"excerpt":{"rendered":"<p>Ismael Garc\u00eda M.\/Zona Roja. Oaxaca de Ju\u00e1rez, Oax., a 28 de 28 de septiembre de&hellip;<\/p>\n","protected":false},"author":2,"featured_media":46321,"comment_status":"closed","ping_status":"open","sticky":false,"template":"","format":"standard","meta":{"_lmt_disableupdate":"","_lmt_disable":"","_jetpack_memberships_contains_paid_content":false,"footnotes":""},"categories":[109,47],"tags":[1712],"class_list":["post-46320","post","type-post","status-publish","format-standard","has-post-thumbnail","hentry","category-minuto-a-minuto","category-zona-gris","tag-tierra-blanca-copala"],"jetpack_featured_media_url":"https:\/\/zonaroja.com.mx\/wp-content\/uploads\/2022\/09\/Reunion-Murat-Segob-truquis-Cdmx.jpeg","jetpack_sharing_enabled":true,"_links":{"self":[{"href":"https:\/\/zonaroja.com.mx\/index.php?rest_route=\/wp\/v2\/posts\/46320","targetHints":{"allow":["GET"]}}],"collection":[{"href":"https:\/\/zonaroja.com.mx\/index.php?rest_route=\/wp\/v2\/posts"}],"about":[{"href":"https:\/\/zonaroja.com.mx\/index.php?rest_route=\/wp\/v2\/types\/post"}],"author":[{"embeddable":true,"href":"https:\/\/zonaroja.com.mx\/index.php?rest_route=\/wp\/v2\/users\/2"}],"replies":[{"embeddable":true,"href":"https:\/\/zonaroja.com.mx\/index.php?rest_route=%2Fwp%2Fv2%2Fcomments&post=46320"}],"version-history":[{"count":1,"href":"https:\/\/zonaroja.com.mx\/index.php?rest_route=\/wp\/v2\/posts\/46320\/revisions"}],"predecessor-version":[{"id":46322,"href":"https:\/\/zonaroja.com.mx\/index.php?rest_route=\/wp\/v2\/posts\/46320\/revisions\/46322"}],"wp:featuredmedia":[{"embeddable":true,"href":"https:\/\/zonaroja.com.mx\/index.php?rest_route=\/wp\/v2\/media\/46321"}],"wp:attachment":[{"href":"https:\/\/zonaroja.com.mx\/index.php?rest_route=%2Fwp%2Fv2%2Fmedia&parent=46320"}],"wp:term":[{"taxonomy":"category","embeddable":true,"href":"https:\/\/zonaroja.com.mx\/index.php?rest_route=%2Fwp%2Fv2%2Fcategories&post=46320"},{"taxonomy":"post_tag","embeddable":true,"href":"https:\/\/zonaroja.com.mx\/index.php?rest_route=%2Fwp%2Fv2%2Ftags&post=46320"}],"curies":[{"name":"wp","href":"https:\/\/api.w.org\/{rel}","templated":true}]}}