{"id":46323,"date":"2022-09-28T22:20:57","date_gmt":"2022-09-29T03:20:57","guid":{"rendered":"http:\/\/www.zonaroja.com.mx\/?p=46323"},"modified":"2022-09-28T22:26:25","modified_gmt":"2022-09-29T03:26:25","slug":"ejecutan-a-individuo-en-el-municipio-de-salina-cruz","status":"publish","type":"post","link":"https:\/\/zonaroja.com.mx\/?p=46323","title":{"rendered":"Ejecutan a individuo en el municipio de Salina Cruz"},"content":{"rendered":"\n<p>Redacci\u00f3n\/Zona Roja.<\/p>\n\n\n\n<p>Oaxaca de Ju\u00e1rez, Oax., a 28 de septiembre de 2022.- Una persona del sexo masculino fue ejecutada esta noche en Salina Cruz, municipio de la regi\u00f3n del Istmo de Tehuantepec.<\/p>\n\n\n\n<p>El crimen se perpetr\u00f3 sobre la avenida Ferrocarril, en la colonia Lomas de Galindo, cerca de la carretera federal que conduce a la regi\u00f3n de la Costa.<\/p>\n\n\n\n<p>Sujetos armados atacaron al individuo, hasta ahora no identificado, quien muri\u00f3 casi al instante, debido a los m\u00faltiples impactos de arma de fuego.<\/p>\n\n\n\n<p>Param\u00e9dicos arribaron al lugar para brindarle los primeros auxilios, pero corroboraron que ya hab\u00eda perdido la vida.<\/p>\n\n\n\n<p>Personal de la Vicefiscal\u00eda Regional de la Costa inici\u00f3 las primeras indagatorias y hasta el momento no hay personas detenidas.<\/p>\n\n\n\n<p>Recientemente, tras la muerte de la joven Abigail H. U., en los separos municipales, el presidente municipal Daniel M\u00e9ndez Sosa, surgido del Partido Morena, design\u00f3 a un elemento de la Secretar\u00eda de Marina como responsable de la seguridad p\u00fablica.<\/p>\n","protected":false},"excerpt":{"rendered":"<p>Redacci\u00f3n\/Zona Roja. Oaxaca de Ju\u00e1rez, Oax., a 28 de septiembre de 2022.- Una persona del&hellip;<\/p>\n","protected":false},"author":2,"featured_media":46325,"comment_status":"closed","ping_status":"open","sticky":false,"template":"","format":"standard","meta":{"_lmt_disableupdate":"","_lmt_disable":"","_jetpack_memberships_contains_paid_content":false,"footnotes":""},"categories":[109,51],"tags":[168],"class_list":["post-46323","post","type-post","status-publish","format-standard","has-post-thumbnail","hentry","category-minuto-a-minuto","category-zona-roja","tag-salina-cruz"],"jetpack_featured_media_url":"https:\/\/zonaroja.com.mx\/wp-content\/uploads\/2022\/09\/76eb9647-bef8-439a-a16d-6f6f11d4e7f7.jpg","jetpack_sharing_enabled":true,"_links":{"self":[{"href":"https:\/\/zonaroja.com.mx\/index.php?rest_route=\/wp\/v2\/posts\/46323","targetHints":{"allow":["GET"]}}],"collection":[{"href":"https:\/\/zonaroja.com.mx\/index.php?rest_route=\/wp\/v2\/posts"}],"about":[{"href":"https:\/\/zonaroja.com.mx\/index.php?rest_route=\/wp\/v2\/types\/post"}],"author":[{"embeddable":true,"href":"https:\/\/zonaroja.com.mx\/index.php?rest_route=\/wp\/v2\/users\/2"}],"replies":[{"embeddable":true,"href":"https:\/\/zonaroja.com.mx\/index.php?rest_route=%2Fwp%2Fv2%2Fcomments&post=46323"}],"version-history":[{"count":1,"href":"https:\/\/zonaroja.com.mx\/index.php?rest_route=\/wp\/v2\/posts\/46323\/revisions"}],"predecessor-version":[{"id":46324,"href":"https:\/\/zonaroja.com.mx\/index.php?rest_route=\/wp\/v2\/posts\/46323\/revisions\/46324"}],"wp:featuredmedia":[{"embeddable":true,"href":"https:\/\/zonaroja.com.mx\/index.php?rest_route=\/wp\/v2\/media\/46325"}],"wp:attachment":[{"href":"https:\/\/zonaroja.com.mx\/index.php?rest_route=%2Fwp%2Fv2%2Fmedia&parent=46323"}],"wp:term":[{"taxonomy":"category","embeddable":true,"href":"https:\/\/zonaroja.com.mx\/index.php?rest_route=%2Fwp%2Fv2%2Fcategories&post=46323"},{"taxonomy":"post_tag","embeddable":true,"href":"https:\/\/zonaroja.com.mx\/index.php?rest_route=%2Fwp%2Fv2%2Ftags&post=46323"}],"curies":[{"name":"wp","href":"https:\/\/api.w.org\/{rel}","templated":true}]}}