{"id":4633,"date":"2019-10-07T20:43:06","date_gmt":"2019-10-08T01:43:06","guid":{"rendered":"http:\/\/www.zonaroja.com.mx\/?p=4633"},"modified":"2019-10-07T20:43:10","modified_gmt":"2019-10-08T01:43:10","slug":"ante-impunidad-y-crimenes-se-rebelan-integrantes-de-la-aei","status":"publish","type":"post","link":"https:\/\/zonaroja.com.mx\/?p=4633","title":{"rendered":"Ante impunidad y cr\u00edmenes, se rebelan integrantes de la AEI"},"content":{"rendered":"\n<p>Redacci\u00f3n\/Zona\nRoja.<\/p>\n\n\n\n<p>Oaxaca de Ju\u00e1rez, Oax., Ante el crimen del agente Wilbert M\u00e9ndez Mart\u00ednez en Santiago Xanica, as\u00ed como la impunidad que prevalece en otros casos de asesinatos de la Agencia Estatal de Investigaciones, parte del personal de la Fiscal\u00eda General del Estado de Oaxaca amaga con un paro de brazos ca\u00eddos.<\/p>\n\n\n\n<p>De\nacuerdo con una convocatoria que se ha difundido a trav\u00e9s de diversos medios,\ntambi\u00e9n protestar\u00e1n en contra del actual titular de la AEI, Jos\u00e9 Alfredo\n\u00c1lvarez G\u00f3mez (quien tom\u00f3 posesi\u00f3n del cargo el 25 de junio de este a\u00f1o),\ndebido a la nula atenci\u00f3n a la corporaci\u00f3n, por encerrarse todo el d\u00eda en su\noficina y no escuchar a nadie, adem\u00e1s de implementar medidas y pr\u00e1cticas\nmilitares.<\/p>\n\n\n\n<p>\u201c\u00bfQu\u00e9\ntanta es la ignorancia de este Polic\u00eda Federal que no sabe qu\u00e9 es el trabajo\npolicial? Ahora su familia quedar\u00e1 completamente desamparado \u00bfy qu\u00e9? \u00bfAcaso la\nmiseria que les otorgar\u00e1n alcanzar\u00e1 para subsistir?<\/p>\n\n\n\n<p>\u201cAs\u00ed\nmismo, este asesinato quedar\u00e1 impune ya que los mismos AEI realizar\u00e1n las\ninvestigaciones, pero sin combustible, sin parque vehicular, sin municiones,\ndebido a la racionalizaci\u00f3n del material\u201d, exponen.<\/p>\n\n\n\n<p>En\ntanto, en otro documento, elevaron su en\u00e9rgica protesta y exigieron la renuncia\nde los mandos de la corporaci\u00f3n.<\/p>\n\n\n\n<p>\u201cEl\ncoordinador general de la AEI, el director de la AEI, el subdirector de la AEI,\nde los comandantes Sofon\u00edas Hern\u00e1ndez Cuevas, de Francisco Joel Ginez Morales,\ndel excapit\u00e1n Ren\u00e9.<\/p>\n\n\n\n<p>\u201cTenemos\nlos antecedentes de los polic\u00edas ca\u00eddos en cumplimento de su deber en Tlaxiaco,\nregi\u00f3n de la Mixteca; Cotzoc\u00f3n Mixe, Istmo de Tehuantepec, Cuenca del\nPapaloapan y Valles centrales.<\/p>\n\n\n\n<p>\u201cLos\nmandos que fueron puestos por dedazo y compadrazgo no han realizado\ninvestigaciones para su esclarecimiento\u201d, se\u00f1alaron. <\/p>\n\n\n\n<p>\u201cAhora\ncon la llegada de exfederales a las polic\u00edas de Oaxaca, se hacen c\u00f3mplices y\nles dan parte de la tajada de cobro de piso, exfederales que solo vienen por no\nquerer ser parte de la Guardia Nacional\u201d, denunciaron.<\/p>\n\n\n\n<p>\u201cDe\ninvestigaci\u00f3n no saben nada. Nunca han destacado dentro de la instituci\u00f3n. S\u00f3lo\nse les conoce por ser corruptos y buscar compadres. Tal vez el fiscal General (Rub\u00e9n\nVasconcelos M\u00e9ndez) est\u00e9 enterado o los solapa a cambio de las cuotas.<\/p>\n\n\n\n<p>\u201cSolicitamos\nen\u00e9rgicamente que sean destituidos y realicen una limpia al interior de las\npolic\u00edas de Oaxaca de tanto mando corrupto\u201d, precisaron.<\/p>\n","protected":false},"excerpt":{"rendered":"<p>Redacci\u00f3n\/Zona Roja. Oaxaca de Ju\u00e1rez, Oax., Ante el crimen del agente Wilbert M\u00e9ndez Mart\u00ednez en&hellip;<\/p>\n","protected":false},"author":2,"featured_media":2518,"comment_status":"closed","ping_status":"open","sticky":false,"template":"","format":"standard","meta":{"_lmt_disableupdate":"","_lmt_disable":"","_jetpack_memberships_contains_paid_content":false,"footnotes":""},"categories":[109,47],"tags":[82,628],"class_list":["post-4633","post","type-post","status-publish","format-standard","has-post-thumbnail","hentry","category-minuto-a-minuto","category-zona-gris","tag-agencia-estatal-de-investigaciones","tag-santiago-xanica"],"jetpack_featured_media_url":"https:\/\/zonaroja.com.mx\/wp-content\/uploads\/2019\/07\/AEI-2.jpg","jetpack_sharing_enabled":true,"_links":{"self":[{"href":"https:\/\/zonaroja.com.mx\/index.php?rest_route=\/wp\/v2\/posts\/4633","targetHints":{"allow":["GET"]}}],"collection":[{"href":"https:\/\/zonaroja.com.mx\/index.php?rest_route=\/wp\/v2\/posts"}],"about":[{"href":"https:\/\/zonaroja.com.mx\/index.php?rest_route=\/wp\/v2\/types\/post"}],"author":[{"embeddable":true,"href":"https:\/\/zonaroja.com.mx\/index.php?rest_route=\/wp\/v2\/users\/2"}],"replies":[{"embeddable":true,"href":"https:\/\/zonaroja.com.mx\/index.php?rest_route=%2Fwp%2Fv2%2Fcomments&post=4633"}],"version-history":[{"count":1,"href":"https:\/\/zonaroja.com.mx\/index.php?rest_route=\/wp\/v2\/posts\/4633\/revisions"}],"predecessor-version":[{"id":4634,"href":"https:\/\/zonaroja.com.mx\/index.php?rest_route=\/wp\/v2\/posts\/4633\/revisions\/4634"}],"wp:featuredmedia":[{"embeddable":true,"href":"https:\/\/zonaroja.com.mx\/index.php?rest_route=\/wp\/v2\/media\/2518"}],"wp:attachment":[{"href":"https:\/\/zonaroja.com.mx\/index.php?rest_route=%2Fwp%2Fv2%2Fmedia&parent=4633"}],"wp:term":[{"taxonomy":"category","embeddable":true,"href":"https:\/\/zonaroja.com.mx\/index.php?rest_route=%2Fwp%2Fv2%2Fcategories&post=4633"},{"taxonomy":"post_tag","embeddable":true,"href":"https:\/\/zonaroja.com.mx\/index.php?rest_route=%2Fwp%2Fv2%2Ftags&post=4633"}],"curies":[{"name":"wp","href":"https:\/\/api.w.org\/{rel}","templated":true}]}}