{"id":46333,"date":"2022-09-29T07:50:38","date_gmt":"2022-09-29T12:50:38","guid":{"rendered":"http:\/\/www.zonaroja.com.mx\/?p=46333"},"modified":"2022-09-29T07:50:40","modified_gmt":"2022-09-29T12:50:40","slug":"ahora-multi-disputa-al-mult-denuncia-de-asesinato-en-zona-triqui-hay-mujer-herida","status":"publish","type":"post","link":"https:\/\/zonaroja.com.mx\/?p=46333","title":{"rendered":"Ahora MULTI disputa al MULT denuncia de asesinato en zona triqui; hay mujer herida"},"content":{"rendered":"\n<p>Ismael Garc\u00eda M.\/Zona Roja.<\/p>\n\n\n\n<p>Oaxaca de Ju\u00e1rez, Oax., a 29 de septiembre de 2022.- Tal como lo hizo ayer el MULT, el Movimiento de Unificaci\u00f3n y Lucha Triqui Independiente (MULTI) denunci\u00f3 tambi\u00e9n un asesinato ocurrido en la zona, en el marco de la reanudaci\u00f3n del di\u00e1logo en la Secretar\u00eda de Gobernaci\u00f3n.<\/p>\n\n\n\n<p>El crimen por el que ambas organizaciones se disputan la exigencia de justicia ocurri\u00f3 el martes por la noche aproximadamente a las 20:30 horas en inmediaciones de Agua Fr\u00eda Copala, Santiago Juxtlahuaca.<\/p>\n\n\n\n<p>La v\u00edctima fue identificada como Jos\u00e9 Catarino Mart\u00ednez, originario de Concepci\u00f3n Carrizal, y en cuyo ataque lesionaron de bala a la joven Eliany Merino Martinez, originaria de Yosoyuxi Copala.\u00a0Ambos viajaban en una camioneta de transporte y pasaje.<\/p>\n\n\n\n<p>\u201cExigimos al Fiscal General de Oaxaca para que a la brevedad posible pueda esclarecer y hacer justicia para este acto de violencia\u201d, difundi\u00f3 anoche el MULTI a trav\u00e9s de un comunicado.<\/p>\n\n\n\n<p>Detall\u00f3 que ayer 28 de septiembre, en la Ciudad de M\u00e9xico, \u201cdespu\u00e9s de tres meses de abandono, el Estado Mexicano reinstal\u00f3 la mesa de di\u00e1logo para lograr el retorno seguro de las 143 familias desplazadas de Tierra Blanca Copala\u201d.<\/p>\n\n\n\n<p>Relat\u00f3 que en ese encuentro se acord\u00f3 realizar una pr\u00f3xima mesa para el d\u00eda mi\u00e9rcoles 5 de octubre del 2022 a las 13:00 hrs en las instalaciones de la Secretaria de Gobernaci\u00f3n, a fin de concretar los acuerdos firmados previamente en las mesas anteriores.<\/p>\n\n\n\n<p>Sin embargo, \u201cResulta alarmante que cada vez que se est\u00e1n por concretar esfuerzos para impulsar el di\u00e1logo y la paz en la regi\u00f3n triqui, siempre se generan actos de violencia que buscan obstaculizar este proceso por generar certidumbre en nuestra herida naci\u00f3n.&nbsp;<\/p>\n\n\n\n<p>\u201cAhora le toc\u00f3 ser v\u00edctima de las balas asesinas a hermanos de Yosoyuxi y Concepci\u00f3n Carrizal; ahora estos dos compa\u00f1eros se suman a la interminable lista de v\u00edctimas de la naci\u00f3n triqui, por parte de grupos armados que lucran con el sufrimiento y pobreza de nuestra gente.&nbsp;<\/p>\n\n\n\n<p>\u201cPensaron que con esto podr\u00edan echar abajo la mesa de di\u00e1logo planeada y usar este lamentable suceso como bandera pol\u00edtica para victimizarse, como el 14 de mayo del 2022 cuando usaron un evento violento similar para frenar el retorno de los desplazados de Tierra Blanca Copala, pero no les result\u00f3, la mesa fue instalada\u201d, expuso el MULTI.<\/p>\n","protected":false},"excerpt":{"rendered":"<p>Ismael Garc\u00eda M.\/Zona Roja. Oaxaca de Ju\u00e1rez, Oax., a 29 de septiembre de 2022.- Tal&hellip;<\/p>\n","protected":false},"author":2,"featured_media":46334,"comment_status":"closed","ping_status":"open","sticky":false,"template":"","format":"standard","meta":{"_lmt_disableupdate":"","_lmt_disable":"","_jetpack_memberships_contains_paid_content":false,"footnotes":""},"categories":[109,51],"tags":[1712],"class_list":["post-46333","post","type-post","status-publish","format-standard","has-post-thumbnail","hentry","category-minuto-a-minuto","category-zona-roja","tag-tierra-blanca-copala"],"jetpack_featured_media_url":"https:\/\/zonaroja.com.mx\/wp-content\/uploads\/2022\/09\/Asesinato-zona-Triqui-Juxtlahuaca.jpg","jetpack_sharing_enabled":true,"_links":{"self":[{"href":"https:\/\/zonaroja.com.mx\/index.php?rest_route=\/wp\/v2\/posts\/46333","targetHints":{"allow":["GET"]}}],"collection":[{"href":"https:\/\/zonaroja.com.mx\/index.php?rest_route=\/wp\/v2\/posts"}],"about":[{"href":"https:\/\/zonaroja.com.mx\/index.php?rest_route=\/wp\/v2\/types\/post"}],"author":[{"embeddable":true,"href":"https:\/\/zonaroja.com.mx\/index.php?rest_route=\/wp\/v2\/users\/2"}],"replies":[{"embeddable":true,"href":"https:\/\/zonaroja.com.mx\/index.php?rest_route=%2Fwp%2Fv2%2Fcomments&post=46333"}],"version-history":[{"count":1,"href":"https:\/\/zonaroja.com.mx\/index.php?rest_route=\/wp\/v2\/posts\/46333\/revisions"}],"predecessor-version":[{"id":46336,"href":"https:\/\/zonaroja.com.mx\/index.php?rest_route=\/wp\/v2\/posts\/46333\/revisions\/46336"}],"wp:featuredmedia":[{"embeddable":true,"href":"https:\/\/zonaroja.com.mx\/index.php?rest_route=\/wp\/v2\/media\/46334"}],"wp:attachment":[{"href":"https:\/\/zonaroja.com.mx\/index.php?rest_route=%2Fwp%2Fv2%2Fmedia&parent=46333"}],"wp:term":[{"taxonomy":"category","embeddable":true,"href":"https:\/\/zonaroja.com.mx\/index.php?rest_route=%2Fwp%2Fv2%2Fcategories&post=46333"},{"taxonomy":"post_tag","embeddable":true,"href":"https:\/\/zonaroja.com.mx\/index.php?rest_route=%2Fwp%2Fv2%2Ftags&post=46333"}],"curies":[{"name":"wp","href":"https:\/\/api.w.org\/{rel}","templated":true}]}}