{"id":46337,"date":"2022-09-29T09:04:00","date_gmt":"2022-09-29T14:04:00","guid":{"rendered":"http:\/\/www.zonaroja.com.mx\/?p=46337"},"modified":"2022-09-29T08:23:34","modified_gmt":"2022-09-29T13:23:34","slug":"miercoles-de-terror-en-florida-con-huracan-categoria-4","status":"publish","type":"post","link":"https:\/\/zonaroja.com.mx\/?p=46337","title":{"rendered":"Mi\u00e9rcoles de terror en Florida, con hurac\u00e1n categor\u00eda 4"},"content":{"rendered":"\n<p>Redacci\u00f3n\/Zona Roja Cdmx.<\/p>\n\n\n\n<p>Ciudad de M\u00e9xico, a 29 de septiembre de 2022.- El hurac\u00e1n \u201cIan\u201d lleg\u00f3 a Florida ayer, como categor\u00eda 4, entre advertencias de severo peligro para los residentes.<\/p>\n\n\n\n<p>El fen\u00f3meno toc\u00f3 tierra a las 14:10 (tiempo local) con vientos de m\u00e1s de 240 kil\u00f3metros por hora cerca de Cayo Costa, en el suroeste del estado del sur de Estados Unidos.<\/p>\n\n\n\n<p>Tras eso, el Servicio Meteorol\u00f3gico Nacional (NWS) calific\u00f3 el fen\u00f3meno de \u201cextremadamente peligroso\u201d.<\/p>\n\n\n\n<p>Seg\u00fan el \u00faltimo reporte, 1.3 millones de hogares se quedaron sin energ\u00eda el\u00e9ctrica.<\/p>\n\n\n\n<p>Adem\u00e1s, el aeropuerto de Orlando suspendi\u00f3 operaciones ayer a las 10:30 horas.<\/p>\n\n\n\n<p>En tanto, m\u00e1s de mil 600 vuelos fueron cancelados en todo el pa\u00eds, de acuerdo con la p\u00e1gina de rastreo de viajes a\u00e9reos FlightAware.<\/p>\n\n\n\n<p>Los aeropuertos de Orlando, Miami y Tampa fueron los tres principales puntos con m\u00e1s dificultades.<\/p>\n\n\n\n<p>Medios locales, reportaron adem\u00e1s la ca\u00edda de \u00e1rboles y el da\u00f1o a varios autom\u00f3viles. Por esto, 2.5 millones de personas se encuentran bajo alerta en toda la entidad, seg\u00fan el Centro Nacional de Huracanes (NHC, por sus siglas en ingl\u00e9s).<\/p>\n\n\n\n<p>El organismo afirm\u00f3 que las mareas de tempestad, los vientos y las inundaciones catastr\u00f3ficas continuar\u00e1n a medida de que la tormenta se desplace hacia el interior.<\/p>\n\n\n\n<p>Se esperan inundaciones catastr\u00f3ficas, generalizadas y potencialmente mortales en partes del centro de Florida, con considerables inundaciones en el sur del estado, el norte, el sureste de Georgia y la costa de Carolina del Sur\u201d, asegur\u00f3 la dependencia.<\/p>\n\n\n\n<p>En Forty Myers, en el condado de Lee, y en Naples, se registraron caminos bloqueados as\u00ed como inundaciones severas.<\/p>\n\n\n\n<p>SE ALEJA LA MAREA<\/p>\n\n\n\n<p>El hurac\u00e1n provoc\u00f3 un fen\u00f3meno conocido como marejada cicl\u00f3nica inversa. Antes de que la tormenta tocara tierra, la marea se alej\u00f3 en la bah\u00eda de Tampa. Incluso transe\u00fantes se acercaron al lugar y caminaron sobre las algas y el lodo que ocasion\u00f3 el suceso, a pesar de las advertencias de las autoridades.<\/p>\n\n\n\n<p>La \u00faltima vez que se registr\u00f3 una marejada cicl\u00f3nica inversa en Tampa fue en 2017, durante el hurac\u00e1n \u201cIrma\u201d.<\/p>\n\n\n\n<p>\u201cCuando el agua retrocede significa que el hurac\u00e1n viene de camino\u201d, indic\u00f3 el meteor\u00f3logo Jos\u00e9 \u00c1lamo, del Servicio Nacional de Meteorolog\u00eda a la cadena BBC.<\/p>\n\n\n\n<p>El ojo del hurac\u00e1n tiene una enorme fuerza de succi\u00f3n capaz de generar olas gigantescas y por eso en la costa el mar se retira.<\/p>\n\n\n\n<p>Cuando llega el fen\u00f3meno, el agua regresa a su sitio.<\/p>\n\n\n\n<p>BAJA CATEGOR\u00cdA<\/p>\n\n\n\n<p>En su \u00faltimo reporte publicado a las 21:00 horas (tiempo local), el Centro Nacional de Huracanes inform\u00f3 que la velocidad de los vientos disminuy\u00f3 a 126 kil\u00f3metros por hora.<\/p>\n\n\n\n<p>El fen\u00f3meno perdi\u00f3 fuerza, al cierre de esta edici\u00f3n disminuy\u00f3 a categor\u00eda dos.<\/p>\n\n\n\n<p>DESAPARECEN MIGRANTES&nbsp;<\/p>\n\n\n\n<p>Un total de 23 personas procedentes de Cuba desaparecieron cuando naufrag\u00f3 la embarcaci\u00f3n en la que pretend\u00edan llegar a Esta- dos Unidos.<\/p>\n\n\n\n<p>En el incidente, cuatro personas m\u00e1s sobrevivieron. Agentes de la Patrulla Fronteriza respondieron a un desembarco de migrantes en Stock Island, Florida, dijo el agente jefe de la patrulla de Miami, Walter Slosar, en Twitter.<\/p>\n\n\n\n<p>Por lo que mantienen un operativo de b\u00fasqueda para dar con los desaparecidos.<\/p>\n\n\n\n<p>(Informaci\u00f3n de agencias en \u201cExc\u00e9lsior\u201d)<\/p>\n","protected":false},"excerpt":{"rendered":"<p>Redacci\u00f3n\/Zona Roja Cdmx. Ciudad de M\u00e9xico, a 29 de septiembre de 2022.- El hurac\u00e1n \u201cIan\u201d&hellip;<\/p>\n","protected":false},"author":2,"featured_media":46338,"comment_status":"closed","ping_status":"open","sticky":false,"template":"","format":"standard","meta":{"_lmt_disableupdate":"","_lmt_disable":"","_jetpack_memberships_contains_paid_content":false,"footnotes":""},"categories":[109,47],"tags":[],"class_list":["post-46337","post","type-post","status-publish","format-standard","has-post-thumbnail","hentry","category-minuto-a-minuto","category-zona-gris"],"jetpack_featured_media_url":"https:\/\/zonaroja.com.mx\/wp-content\/uploads\/2022\/09\/Huracan-florida.jpg","jetpack_sharing_enabled":true,"_links":{"self":[{"href":"https:\/\/zonaroja.com.mx\/index.php?rest_route=\/wp\/v2\/posts\/46337","targetHints":{"allow":["GET"]}}],"collection":[{"href":"https:\/\/zonaroja.com.mx\/index.php?rest_route=\/wp\/v2\/posts"}],"about":[{"href":"https:\/\/zonaroja.com.mx\/index.php?rest_route=\/wp\/v2\/types\/post"}],"author":[{"embeddable":true,"href":"https:\/\/zonaroja.com.mx\/index.php?rest_route=\/wp\/v2\/users\/2"}],"replies":[{"embeddable":true,"href":"https:\/\/zonaroja.com.mx\/index.php?rest_route=%2Fwp%2Fv2%2Fcomments&post=46337"}],"version-history":[{"count":1,"href":"https:\/\/zonaroja.com.mx\/index.php?rest_route=\/wp\/v2\/posts\/46337\/revisions"}],"predecessor-version":[{"id":46339,"href":"https:\/\/zonaroja.com.mx\/index.php?rest_route=\/wp\/v2\/posts\/46337\/revisions\/46339"}],"wp:featuredmedia":[{"embeddable":true,"href":"https:\/\/zonaroja.com.mx\/index.php?rest_route=\/wp\/v2\/media\/46338"}],"wp:attachment":[{"href":"https:\/\/zonaroja.com.mx\/index.php?rest_route=%2Fwp%2Fv2%2Fmedia&parent=46337"}],"wp:term":[{"taxonomy":"category","embeddable":true,"href":"https:\/\/zonaroja.com.mx\/index.php?rest_route=%2Fwp%2Fv2%2Fcategories&post=46337"},{"taxonomy":"post_tag","embeddable":true,"href":"https:\/\/zonaroja.com.mx\/index.php?rest_route=%2Fwp%2Fv2%2Ftags&post=46337"}],"curies":[{"name":"wp","href":"https:\/\/api.w.org\/{rel}","templated":true}]}}