{"id":46346,"date":"2022-09-29T16:58:58","date_gmt":"2022-09-29T21:58:58","guid":{"rendered":"https:\/\/www.zonaroja.com.mx\/?p=46346"},"modified":"2022-09-29T17:00:33","modified_gmt":"2022-09-29T22:00:33","slug":"terrible-irresponsabilidad-por-falta-de-combustible-cayo-helicoptero-que-dejo-14-muertes","status":"publish","type":"post","link":"https:\/\/zonaroja.com.mx\/?p=46346","title":{"rendered":"\u00a1Terrible irresponsabilidad! Por falta de combustible cay\u00f3 helic\u00f3ptero, que dej\u00f3 14 muertes"},"content":{"rendered":"\n<p>Redacci\u00f3n\/Zona Roja Cdmx.<\/p>\n\n\n\n<p>Ciudad de M\u00e9xico, a 29 de septiembre de 2022.- Fue por falta de combustible, y no por atentado, que cay\u00f3 un helic\u00f3ptero oficial el pasado 15 de julio en Sinaloa y que dej\u00f3 14 muertos.<\/p>\n\n\n\n<p>As\u00ed lo confirm\u00f3 este jueves la&nbsp;Fiscal\u00eda General de la Rep\u00fablica&nbsp;(FGR), a trav\u00e9s de un comunicado.<\/p>\n\n\n\n<p>\u00abPor lo que toca a la caja negra, la empresa fabricante, despu\u00e9s de haberla recibido y analizado, ha se\u00f1alado que fue la falta de combustible la causa de la ca\u00edda\u00bb, indic\u00f3 la FGR.<\/p>\n\n\n\n<p>El percance de la aeronave de la Secretar\u00eda de Marina ocurri\u00f3 el pasado 15 de julio cerca del aeropuerto de la ciudad de Los Mochis.<\/p>\n\n\n\n<p>El helic\u00f3ptero regresaba de participar en un operativo en que se detuvo a Rafael \u201cCaro\u201d Quintero y cay\u00f3, con saldo 14 elementos muertes y un lesionado.&nbsp;<\/p>\n\n\n\n<p>La&nbsp;<a href=\"https:\/\/www.excelsior.com.mx\/fgr\" target=\"_blank\" rel=\"noreferrer noopener\">Fiscal\u00eda General de la Rep\u00fablica<\/a>&nbsp;dio a conocer que el dictamen en materia de incendios de explosi\u00f3n&nbsp;descart\u00f3 que la ca\u00edda de la aeronave se debiera a alg\u00fan ataque externo&nbsp;o explosi\u00f3n por alg\u00fan artefacto ajeno a la aeronave.<\/p>\n\n\n\n<p>Hasta el momento no ha dado a conocer si fincar\u00e1 responsabilidades a qui\u00e9n o qui\u00e9nes no revisaron que la aeronave tuviera combustible. <\/p>\n","protected":false},"excerpt":{"rendered":"<p>Redacci\u00f3n\/Zona Roja Cdmx. Ciudad de M\u00e9xico, a 29 de septiembre de 2022.- Fue por falta&hellip;<\/p>\n","protected":false},"author":2,"featured_media":43606,"comment_status":"closed","ping_status":"open","sticky":false,"template":"","format":"standard","meta":{"_lmt_disableupdate":"","_lmt_disable":"","_jetpack_memberships_contains_paid_content":false,"footnotes":""},"categories":[109,47],"tags":[],"class_list":["post-46346","post","type-post","status-publish","format-standard","has-post-thumbnail","hentry","category-minuto-a-minuto","category-zona-gris"],"jetpack_featured_media_url":"https:\/\/zonaroja.com.mx\/wp-content\/uploads\/2022\/07\/Helicoptero-Secretaria-de-Marina-Sinaloa-1.jpg","jetpack_sharing_enabled":true,"_links":{"self":[{"href":"https:\/\/zonaroja.com.mx\/index.php?rest_route=\/wp\/v2\/posts\/46346","targetHints":{"allow":["GET"]}}],"collection":[{"href":"https:\/\/zonaroja.com.mx\/index.php?rest_route=\/wp\/v2\/posts"}],"about":[{"href":"https:\/\/zonaroja.com.mx\/index.php?rest_route=\/wp\/v2\/types\/post"}],"author":[{"embeddable":true,"href":"https:\/\/zonaroja.com.mx\/index.php?rest_route=\/wp\/v2\/users\/2"}],"replies":[{"embeddable":true,"href":"https:\/\/zonaroja.com.mx\/index.php?rest_route=%2Fwp%2Fv2%2Fcomments&post=46346"}],"version-history":[{"count":1,"href":"https:\/\/zonaroja.com.mx\/index.php?rest_route=\/wp\/v2\/posts\/46346\/revisions"}],"predecessor-version":[{"id":46347,"href":"https:\/\/zonaroja.com.mx\/index.php?rest_route=\/wp\/v2\/posts\/46346\/revisions\/46347"}],"wp:featuredmedia":[{"embeddable":true,"href":"https:\/\/zonaroja.com.mx\/index.php?rest_route=\/wp\/v2\/media\/43606"}],"wp:attachment":[{"href":"https:\/\/zonaroja.com.mx\/index.php?rest_route=%2Fwp%2Fv2%2Fmedia&parent=46346"}],"wp:term":[{"taxonomy":"category","embeddable":true,"href":"https:\/\/zonaroja.com.mx\/index.php?rest_route=%2Fwp%2Fv2%2Fcategories&post=46346"},{"taxonomy":"post_tag","embeddable":true,"href":"https:\/\/zonaroja.com.mx\/index.php?rest_route=%2Fwp%2Fv2%2Ftags&post=46346"}],"curies":[{"name":"wp","href":"https:\/\/api.w.org\/{rel}","templated":true}]}}