{"id":46348,"date":"2022-09-29T19:12:03","date_gmt":"2022-09-30T00:12:03","guid":{"rendered":"http:\/\/www.zonaroja.com.mx\/?p=46348"},"modified":"2022-09-29T19:12:04","modified_gmt":"2022-09-30T00:12:04","slug":"denuncian-desplazados-que-retenidos-en-ozumacin-son-responsables-de-despojo-y-delitos","status":"publish","type":"post","link":"https:\/\/zonaroja.com.mx\/?p=46348","title":{"rendered":"Denuncian desplazados que retenidos en Ozumac\u00edn son responsables de despojo y delitos"},"content":{"rendered":"\n<p>Yuridiana Sosa\/ Zona Roja.<\/p>\n\n\n\n<p>Oaxaca de Ju\u00e1rez, Oax., 29 de septiembre de 2022.- Los 10 habitantes de Santiago Progreso, Valle Nacional, retenidos en San Pedro Ozumac\u00edn, de Ayotzintepec, desde hace 28 d\u00edas, era \u201ccabecillas\u201d de diferentes delitos y abusos en su comunidad, en la regi\u00f3n de la Cuenca.<\/p>\n\n\n\n<p>As\u00ed lo se\u00f1alaron Dionisio y Benigno de la Cruz M\u00e9ndez, integrantes de la familia desplazada y despojada de sus bienes en Santiago Progreso hace casi ocho a\u00f1os, y quienes a pesar de sentencias judiciales no han podido retornar a su comunidad de origen, en el municipio de Valle Nacional.<\/p>\n\n\n\n<p>\u201cDesplazados de Santiago Progreso desde el 2014, como consecuencia hay 10 retenidos en el ejido de Ozumac\u00edn\u201d, expresaron los afectados en conferencia de prensa este jueves, frente a Palacio Federal en la capital del estado, lugar donde cuatro esposas de los retenidos hacen huelga de hambre para exigir su liberaci\u00f3n.<\/p>\n\n\n\n<p>Los afectados con el desplazamiento forzado apuntan que las faltas de justicia por las leyes ocasionaron hartazgo en la poblaci\u00f3n sobre actos de abusos, por lo que Ozumac\u00edn, con quien se comparte un mismo ejido, los retuvo para que haya paz en la zona.<\/p>\n\n\n\n<p>Sin embargo, advirtieron que estos actos podr\u00edan continuar ante la conformaci\u00f3n de otro grupo de 10 o 15 personas en Santiago Progreso, Valle Nacional, que sigue las mismas acciones que realizaban los retenidos.<\/p>\n\n\n\n<figure class=\"wp-block-embed is-type-rich is-provider-twitter wp-block-embed-twitter\"><div class=\"wp-block-embed__wrapper\">\n<div class=\"twitter-tweet\"><blockquote class=\"twitter-tweet\" data-lang=\"es\"><p lang=\"es\" dir=\"ltr\">Llega a la capital de Oaxaca la contraparte de los retenidos de Santiago Progreso.<br>Son pobladores que hace m\u00e1s de siete a\u00f1os fueron desplazados y que no los dejan retornar, pese a sentencia judicial. <br>Los retenidos hace casi un mes \u201cson los cabecillas de la expulsi\u00f3n\u201d. <a href=\"https:\/\/t.co\/AaIaI8TMnd\">pic.twitter.com\/AaIaI8TMnd<\/a><\/p>&mdash; Zona Roja Oaxaca (@ZonaRoja_Oaxaca) <a href=\"https:\/\/twitter.com\/ZonaRoja_Oaxaca\/status\/1575569458994610178?ref_src=twsrc%5Etfw\">29 de septiembre de 2022<\/a><\/blockquote><\/div>\n<\/div><\/figure>\n\n\n\n<p>Incluso, la familia&nbsp; Cruz M\u00e9ndez demanda la detenci\u00f3n formal de los pobladores, as\u00ed como que se ejecuten las \u00f3rdenes de aprehensi\u00f3n por diversos delitos contra ellos.<\/p>\n\n\n\n<p>Sobre los retenidos, los pobladores aseguraron que los 10 retenidos se encuentran en buen estado de salud y tienen acceso a alimentos.<\/p>\n\n\n\n<p>Apuntaron que los habitantes de Ozumac\u00edn no han ocasionado agresiones a sus vecinos.<\/p>\n\n\n\n<p>ANTECEDENTE<\/p>\n\n\n\n<p>La asamblea de la comunidad de Santiago Progreso determin\u00f3 en 2014 la expulsi\u00f3n de la familia de la Cruz M\u00e9ndez, lo cual se realiz\u00f3 con actos de violencia contra varios integrantes de la familia.<\/p>\n\n\n\n<p>La familia, poseedora de tierra de cultivo, cabezas de ganado y una vivienda, inici\u00f3 un proceso legal ante diversas instancias de justicia y derechos humanos, sin lograr retornar a pesar de algunas sentencias a su favor, pues no se ha habido acato de las autoridades correspondientes para ejecutarlas.<\/p>\n\n\n\n<p>Por este caso se abrieron carpetas en el Tribunal de Juicio Oral y Juzgado de Garant\u00eda de Tuxtepec con la causa penal con el n\u00famero 033\/2016, uno m\u00e1s en la en la Sala de Justicia Ind\u00edgena del Tribunal superior de Justicia del Poder Judicial del Estado de Oaxaca, con el n\u00famero JDI\/01\/2017, mientras que en la Fiscal\u00eda General de Oaxaca se abrieron investigaci\u00f3n con los n\u00famero 170\/ftux\/b\/2015 por despojo, abigeato, robo y lo que resulte; 02953\/ftux\/b\/2014 por privaci\u00f3n ilegal de la libertad, despojo y lo que resulte, adem\u00e1s del legajo 02497\/ftux\/2014 por amenazas.&nbsp;<\/p>\n","protected":false},"excerpt":{"rendered":"<p>Yuridiana Sosa\/ Zona Roja. Oaxaca de Ju\u00e1rez, Oax., 29 de septiembre de 2022.- Los 10&hellip;<\/p>\n","protected":false},"author":2,"featured_media":46349,"comment_status":"closed","ping_status":"open","sticky":false,"template":"","format":"standard","meta":{"_lmt_disableupdate":"","_lmt_disable":"","_jetpack_memberships_contains_paid_content":false,"footnotes":""},"categories":[109,47],"tags":[3260],"class_list":["post-46348","post","type-post","status-publish","format-standard","has-post-thumbnail","hentry","category-minuto-a-minuto","category-zona-gris","tag-santiago-progreso"],"jetpack_featured_media_url":"https:\/\/zonaroja.com.mx\/wp-content\/uploads\/2022\/09\/Protesta-Ozumacin-Santiago-Progreso.jpg","jetpack_sharing_enabled":true,"_links":{"self":[{"href":"https:\/\/zonaroja.com.mx\/index.php?rest_route=\/wp\/v2\/posts\/46348","targetHints":{"allow":["GET"]}}],"collection":[{"href":"https:\/\/zonaroja.com.mx\/index.php?rest_route=\/wp\/v2\/posts"}],"about":[{"href":"https:\/\/zonaroja.com.mx\/index.php?rest_route=\/wp\/v2\/types\/post"}],"author":[{"embeddable":true,"href":"https:\/\/zonaroja.com.mx\/index.php?rest_route=\/wp\/v2\/users\/2"}],"replies":[{"embeddable":true,"href":"https:\/\/zonaroja.com.mx\/index.php?rest_route=%2Fwp%2Fv2%2Fcomments&post=46348"}],"version-history":[{"count":1,"href":"https:\/\/zonaroja.com.mx\/index.php?rest_route=\/wp\/v2\/posts\/46348\/revisions"}],"predecessor-version":[{"id":46350,"href":"https:\/\/zonaroja.com.mx\/index.php?rest_route=\/wp\/v2\/posts\/46348\/revisions\/46350"}],"wp:featuredmedia":[{"embeddable":true,"href":"https:\/\/zonaroja.com.mx\/index.php?rest_route=\/wp\/v2\/media\/46349"}],"wp:attachment":[{"href":"https:\/\/zonaroja.com.mx\/index.php?rest_route=%2Fwp%2Fv2%2Fmedia&parent=46348"}],"wp:term":[{"taxonomy":"category","embeddable":true,"href":"https:\/\/zonaroja.com.mx\/index.php?rest_route=%2Fwp%2Fv2%2Fcategories&post=46348"},{"taxonomy":"post_tag","embeddable":true,"href":"https:\/\/zonaroja.com.mx\/index.php?rest_route=%2Fwp%2Fv2%2Ftags&post=46348"}],"curies":[{"name":"wp","href":"https:\/\/api.w.org\/{rel}","templated":true}]}}