{"id":46351,"date":"2022-09-29T20:51:12","date_gmt":"2022-09-30T01:51:12","guid":{"rendered":"http:\/\/www.zonaroja.com.mx\/?p=46351"},"modified":"2022-09-29T20:51:14","modified_gmt":"2022-09-30T01:51:14","slug":"contrataron-sapao-y-constructora-a-adolescente-que-murio-en-obra","status":"publish","type":"post","link":"https:\/\/zonaroja.com.mx\/?p=46351","title":{"rendered":"Contrataron SAPAO y constructora a adolescente que muri\u00f3 en obra"},"content":{"rendered":"\n<p>Redacci\u00f3n\/Zona Roja.<\/p>\n\n\n\n<p>Oaxaca de Ju\u00e1rez, Oax., a 29 de septiembre de 2022.- El organismo estatal Servicios de Agua Potable y Alcantarillado de Oaxaca (SAPAO) y la constructora encargada, cuyo nombre oculta, contrat\u00f3 a adolescentes para las obras de drenaje en la avenida S\u00edmbolos Patrios, uno de los cuales muri\u00f3 hoy, por probable accidente.<\/p>\n\n\n\n<p>La negligencia la revelaron los padres de familia de un estudiante de m\u00fasica, identificado como Alejandro Azael V. G., quien perdi\u00f3 la vida al mediod\u00eda de este jueves, supuestamente aplastado por un alud, durante excavaciones.<\/p>\n\n\n\n<figure class=\"wp-block-embed is-type-rich is-provider-twitter wp-block-embed-twitter\"><div class=\"wp-block-embed__wrapper\">\n<div class=\"twitter-tweet\"><blockquote class=\"twitter-tweet\" data-lang=\"es\"><p lang=\"es\" dir=\"ltr\"><a href=\"https:\/\/twitter.com\/hashtag\/%C3%9AltimoMinuto?src=hash&amp;ref_src=twsrc%5Etfw\">#\u00daltimoMinuto<\/a> <br>Pierde la vida un obrero al caer en una zanja en las obras de rehabilitaci\u00f3n que realizan <a href=\"https:\/\/twitter.com\/SINFRA_GobOax?ref_src=twsrc%5Etfw\">@SINFRA_GobOax<\/a> y <a href=\"https:\/\/twitter.com\/SAPAO_GobOax?ref_src=twsrc%5Etfw\">@SAPAO_GobOax<\/a> en la avenida S\u00edmbolos Patrios, jurisdicci\u00f3n de la ciudad de <a href=\"https:\/\/twitter.com\/hashtag\/Oaxaca?src=hash&amp;ref_src=twsrc%5Etfw\">#Oaxaca<\/a>. <a href=\"https:\/\/t.co\/QTkDRNu6Pn\">pic.twitter.com\/QTkDRNu6Pn<\/a><\/p>&mdash; Zona Roja Oaxaca (@ZonaRoja_Oaxaca) <a href=\"https:\/\/twitter.com\/ZonaRoja_Oaxaca\/status\/1575534776408281098?ref_src=twsrc%5Etfw\">29 de septiembre de 2022<\/a><\/blockquote><\/div>\n<\/div><\/figure>\n\n\n\n<p>Sin embargo, los tutores tambi\u00e9n expusieron que fue la m\u00e1quina retroexcavadora la que golpe\u00f3 al trabajador adolescente, quien cay\u00f3 a la zanja; no estaba inscrito al IMSS y se ha negado a pagar los da\u00f1os.<\/p>\n\n\n\n<p>El percance ocurri\u00f3 al mediod\u00eda sobre la avenida S\u00edmbolos Patrios, entre las calles prolongaci\u00f3n de Xicot\u00e9ncatl y Fiallo, al sur de la capital oaxaque\u00f1a y hasta la tarde nadie se hac\u00eda responsable de la muerte. El titular de SAPAO, Reynaldo Hern\u00e1ndez Cuevas, se hab\u00eda negado a dar la cara.<\/p>\n\n\n\n<p>Ante ello, los padres del adolescente y vecinos de la zona bloquearon la avenida referida y despu\u00e9s el Perif\u00e9rico, en inmediaciones del parque del Amor, manifestaci\u00f3n que contin\u00faa, pues ninguna autoridad se ha acercado a ellos.<\/p>\n\n\n\n<figure class=\"wp-block-embed is-type-rich is-provider-twitter wp-block-embed-twitter\"><div class=\"wp-block-embed__wrapper\">\n<div class=\"twitter-tweet\"><blockquote class=\"twitter-tweet\" data-lang=\"es\"><p lang=\"es\" dir=\"ltr\"><a href=\"https:\/\/twitter.com\/hashtag\/%C3%9AltimoMinuto?src=hash&amp;ref_src=twsrc%5Etfw\">#\u00daltimoMinuto<\/a> <br>Familiares y vecinos del adolescente que muri\u00f3 en las obras de la avenida S\u00edmbolos Patrios, extienden su bloqueo al Perif\u00e9rico de la ciudad de <a href=\"https:\/\/twitter.com\/hashtag\/Oaxaca?src=hash&amp;ref_src=twsrc%5Etfw\">#Oaxaca<\/a>.<br>Insisten en la negligencia de <a href=\"https:\/\/twitter.com\/SAPAO_GobOax?ref_src=twsrc%5Etfw\">@SAPAO_GobOax<\/a> y en el ocultamiento de la constructora contratada. <a href=\"https:\/\/t.co\/Zrs24OL9IC\">pic.twitter.com\/Zrs24OL9IC<\/a><\/p>&mdash; Zona Roja Oaxaca (@ZonaRoja_Oaxaca) <a href=\"https:\/\/twitter.com\/ZonaRoja_Oaxaca\/status\/1575649012140494848?ref_src=twsrc%5Etfw\">30 de septiembre de 2022<\/a><\/blockquote><\/div>\n<\/div><\/figure>\n","protected":false},"excerpt":{"rendered":"<p>Redacci\u00f3n\/Zona Roja. Oaxaca de Ju\u00e1rez, Oax., a 29 de septiembre de 2022.- El organismo estatal&hellip;<\/p>\n","protected":false},"author":2,"featured_media":46352,"comment_status":"closed","ping_status":"open","sticky":false,"template":"","format":"standard","meta":{"_lmt_disableupdate":"","_lmt_disable":"","_jetpack_memberships_contains_paid_content":false,"footnotes":""},"categories":[109,47],"tags":[2011],"class_list":["post-46351","post","type-post","status-publish","format-standard","has-post-thumbnail","hentry","category-minuto-a-minuto","category-zona-gris","tag-servicios-de-agua-potable-y-alcantarillado-de-oaxaca-sapao"],"jetpack_featured_media_url":"https:\/\/zonaroja.com.mx\/wp-content\/uploads\/2022\/09\/Obrero-muerto-Simbolos-Patrios-Oaxaca.jpg","jetpack_sharing_enabled":true,"_links":{"self":[{"href":"https:\/\/zonaroja.com.mx\/index.php?rest_route=\/wp\/v2\/posts\/46351","targetHints":{"allow":["GET"]}}],"collection":[{"href":"https:\/\/zonaroja.com.mx\/index.php?rest_route=\/wp\/v2\/posts"}],"about":[{"href":"https:\/\/zonaroja.com.mx\/index.php?rest_route=\/wp\/v2\/types\/post"}],"author":[{"embeddable":true,"href":"https:\/\/zonaroja.com.mx\/index.php?rest_route=\/wp\/v2\/users\/2"}],"replies":[{"embeddable":true,"href":"https:\/\/zonaroja.com.mx\/index.php?rest_route=%2Fwp%2Fv2%2Fcomments&post=46351"}],"version-history":[{"count":1,"href":"https:\/\/zonaroja.com.mx\/index.php?rest_route=\/wp\/v2\/posts\/46351\/revisions"}],"predecessor-version":[{"id":46353,"href":"https:\/\/zonaroja.com.mx\/index.php?rest_route=\/wp\/v2\/posts\/46351\/revisions\/46353"}],"wp:featuredmedia":[{"embeddable":true,"href":"https:\/\/zonaroja.com.mx\/index.php?rest_route=\/wp\/v2\/media\/46352"}],"wp:attachment":[{"href":"https:\/\/zonaroja.com.mx\/index.php?rest_route=%2Fwp%2Fv2%2Fmedia&parent=46351"}],"wp:term":[{"taxonomy":"category","embeddable":true,"href":"https:\/\/zonaroja.com.mx\/index.php?rest_route=%2Fwp%2Fv2%2Fcategories&post=46351"},{"taxonomy":"post_tag","embeddable":true,"href":"https:\/\/zonaroja.com.mx\/index.php?rest_route=%2Fwp%2Fv2%2Ftags&post=46351"}],"curies":[{"name":"wp","href":"https:\/\/api.w.org\/{rel}","templated":true}]}}