{"id":46357,"date":"2022-09-29T22:24:06","date_gmt":"2022-09-30T03:24:06","guid":{"rendered":"http:\/\/www.zonaroja.com.mx\/?p=46357"},"modified":"2022-09-29T22:24:08","modified_gmt":"2022-09-30T03:24:08","slug":"con-un-ejecutado-reciben-a-mando-de-la-marina-en-pinotepa-nacional","status":"publish","type":"post","link":"https:\/\/zonaroja.com.mx\/?p=46357","title":{"rendered":"Con un ejecutado reciben a mando de la Marina en Pinotepa Nacional"},"content":{"rendered":"\n<p>Ismael Garc\u00eda M.\/Zona Roja.<\/p>\n\n\n\n<p>Oaxaca de Ju\u00e1rez, Oax., a 29 de septiembre de 2022.- A escasas horas de la designaci\u00f3n de un elemento de la Secretar\u00eda de Marina como director de seguridad p\u00fablica de Santiago Pinotepa Nacional, fue ejecutado un individuo integrante de la comunidad LGBT+.<\/p>\n\n\n\n<p>Los hechos sucedieron al mediod\u00eda de este jueves en la calle 17 Sur esquina con 7 Poniente de la colonia El Porvenir, en que sujetos armados dispararon en contra de quien fue identificado como Jos\u00e9 Alfredo Toscano Sarabaia, de apodo de \u201cRosa Salvaje\u201d.<\/p>\n\n\n\n<p>Seg\u00fan los primeros datos, era activista del Partido Morena, y particip\u00f3 en la campa\u00f1a pol\u00edtica del actual edil, Antonio Marbel Jim\u00e9nez.<\/p>\n\n\n\n<p>Apenas ayer, el presidente municipal hab\u00eda dado posesi\u00f3n al teniente de Infanter\u00eda de Marina, Miguel \u00c1ngel de la Rosa Moya, como director de seguridad p\u00fablica municipal.<\/p>\n\n\n\n<p>HALLAN A MUJER<\/p>\n\n\n\n<p>Por otra parte, en San Pedro Tapanatepec, regi\u00f3n del Istmo de Tehuantepec, fue hallado el cuerpo sin vida de una mujer, presuntamente migrante centroamericana, sin que al momento se haya dado con su identidad.<\/p>\n\n\n\n<p>Se localiz\u00f3 a la orilla de la carretera Internacional 190 anoche y supuestamente iba junto con una caravana de indocumentados cuando perdi\u00f3 el conocimiento, y fue abandonada por sus compa\u00f1eros de viaje.<\/p>\n\n\n\n<p>Se trata de una mujer que portaba una blusa roja y no se le apreciaba alg\u00fan tipo de lesi\u00f3n; la Vicefiscal\u00eda Regional del Istmo indaga el caso.<\/p>\n","protected":false},"excerpt":{"rendered":"<p>Ismael Garc\u00eda M.\/Zona Roja. Oaxaca de Ju\u00e1rez, Oax., a 29 de septiembre de 2022.- A&hellip;<\/p>\n","protected":false},"author":2,"featured_media":46358,"comment_status":"closed","ping_status":"open","sticky":false,"template":"","format":"standard","meta":{"_lmt_disableupdate":"","_lmt_disable":"","_jetpack_memberships_contains_paid_content":false,"footnotes":""},"categories":[109,51],"tags":[916],"class_list":["post-46357","post","type-post","status-publish","format-standard","has-post-thumbnail","hentry","category-minuto-a-minuto","category-zona-roja","tag-pinotepa-nacional"],"jetpack_featured_media_url":"https:\/\/zonaroja.com.mx\/wp-content\/uploads\/2022\/09\/Ejecutado-Pinotepa-Nacional.jpeg","jetpack_sharing_enabled":true,"_links":{"self":[{"href":"https:\/\/zonaroja.com.mx\/index.php?rest_route=\/wp\/v2\/posts\/46357","targetHints":{"allow":["GET"]}}],"collection":[{"href":"https:\/\/zonaroja.com.mx\/index.php?rest_route=\/wp\/v2\/posts"}],"about":[{"href":"https:\/\/zonaroja.com.mx\/index.php?rest_route=\/wp\/v2\/types\/post"}],"author":[{"embeddable":true,"href":"https:\/\/zonaroja.com.mx\/index.php?rest_route=\/wp\/v2\/users\/2"}],"replies":[{"embeddable":true,"href":"https:\/\/zonaroja.com.mx\/index.php?rest_route=%2Fwp%2Fv2%2Fcomments&post=46357"}],"version-history":[{"count":1,"href":"https:\/\/zonaroja.com.mx\/index.php?rest_route=\/wp\/v2\/posts\/46357\/revisions"}],"predecessor-version":[{"id":46359,"href":"https:\/\/zonaroja.com.mx\/index.php?rest_route=\/wp\/v2\/posts\/46357\/revisions\/46359"}],"wp:featuredmedia":[{"embeddable":true,"href":"https:\/\/zonaroja.com.mx\/index.php?rest_route=\/wp\/v2\/media\/46358"}],"wp:attachment":[{"href":"https:\/\/zonaroja.com.mx\/index.php?rest_route=%2Fwp%2Fv2%2Fmedia&parent=46357"}],"wp:term":[{"taxonomy":"category","embeddable":true,"href":"https:\/\/zonaroja.com.mx\/index.php?rest_route=%2Fwp%2Fv2%2Fcategories&post=46357"},{"taxonomy":"post_tag","embeddable":true,"href":"https:\/\/zonaroja.com.mx\/index.php?rest_route=%2Fwp%2Fv2%2Ftags&post=46357"}],"curies":[{"name":"wp","href":"https:\/\/api.w.org\/{rel}","templated":true}]}}