{"id":46360,"date":"2022-09-29T22:27:57","date_gmt":"2022-09-30T03:27:57","guid":{"rendered":"http:\/\/www.zonaroja.com.mx\/?p=46360"},"modified":"2022-09-29T22:28:02","modified_gmt":"2022-09-30T03:28:02","slug":"morena-aprueba-retroceso-en-paridad-de-genero-para-ayuntamientos-de-sni","status":"publish","type":"post","link":"https:\/\/zonaroja.com.mx\/?p=46360","title":{"rendered":"Morena aprueba retroceso en paridad de g\u00e9nero para ayuntamientos de SNI"},"content":{"rendered":"\n<p>Yuridiana Sosa\/Zona Roja.<\/p>\n\n\n\n<p>Oaxaca de Ju\u00e1rez, Oax., a 29 de septiembre de 2022.- Los avances en la paridad de g\u00e9nero para los ayuntamientos regidos por Sistemas Normativos Internos qued\u00f3 frenada desde el Congreso de Oaxaca, a iniciativa de un grupo de diputadas de Morena.<\/p>\n\n\n\n<p>Aunque recibi\u00f3 14 votos de oposici\u00f3n, la reforma a la Ley de Instituciones y Procedimientos Electorales del Estado qued\u00f3 avalada con 23 votos.<\/p>\n\n\n\n<p>Con este cambio se aplaza sin fecha determinada el momento en que los ayuntamientos est\u00e9n obligados por la ley para que cumplan con la participaci\u00f3n de las mujeres en el 50 por ciento de sus cabildos, lo cual era al 2023, de acuerdo al decreto 1511, y da paso a que los servidores p\u00fablicos sean electos conforme a su derecho a la libre determinaci\u00f3n.<\/p>\n\n\n\n<p>Las responsables fueron las diputadas de Morena Yesenia Nolasco Ram\u00edrez, Hayde\u00e9 Irma Reyes Soto y Nancy Natalia Ben\u00edtez Z\u00e1rate, del grupo parlamentario de Morena, quienes respaldaron la propuesta es que fue un planteamiento de mujeres ind\u00edgenas de municipios del distrito de Ixtl\u00e1n de Ju\u00e1rez e integrantes de la Uni\u00f3n Liberal del Ayuntamiento del distrito de Ixtl\u00e1n (ULADI).<\/p>\n\n\n\n<p>Ante esta propuesta, durante la sesi\u00f3n ordinaria, se abri\u00f3 una discusi\u00f3n en posici\u00f3n a la reforma, la cual encabezaron las diputadas del PRI, Concepcion Rueda y Mariana Ben\u00edtez, entre otras.&nbsp;<\/p>\n\n\n\n<p>Rueda G\u00f3mez record\u00f3 la lucha que emprendieron las mujeres para conseguir su derecho a votar y ser votadas y por el que incluso algunas murieron, por lo que es un agravio la propuesta que frena su participaci\u00f3n.<\/p>\n\n\n\n<p>La presidenta de la Mesa Directiva Mariana Ben\u00edtez Tiburcio, subray\u00f3 que es en los municipios regidos por Sistemas Normativos Ind\u00edgenas donde se cometen diversos actos de desigualdad, por lo que la reforma s\u00f3lo perjudica m\u00e1s a las mujeres.<\/p>\n\n\n\n<p>Pero mientras la reforma no plantea medidas o sanciones para que se incluyan a las mujeres en sus cabildos, s\u00ed otorga responsabilidad al Instituto Estatal Electoral y de Participaci\u00f3n Ciudadana de Oaxaca (IEEPCO) para que vigile el cumplimiento y oriente en la integraci\u00f3n paritaria de las autoridades electas de acuerdo a las normas internas de cada municipio, hasta alcanzar la paridad entre mujeres y hombres.<\/p>\n","protected":false},"excerpt":{"rendered":"<p>Yuridiana Sosa\/Zona Roja. Oaxaca de Ju\u00e1rez, Oax., a 29 de septiembre de 2022.- Los avances&hellip;<\/p>\n","protected":false},"author":2,"featured_media":46361,"comment_status":"closed","ping_status":"open","sticky":false,"template":"","format":"standard","meta":{"_lmt_disableupdate":"","_lmt_disable":"","_jetpack_memberships_contains_paid_content":false,"footnotes":""},"categories":[109,47],"tags":[2743],"class_list":["post-46360","post","type-post","status-publish","format-standard","has-post-thumbnail","hentry","category-minuto-a-minuto","category-zona-gris","tag-65-legislatura-del-estado-de-oaxaca"],"jetpack_featured_media_url":"https:\/\/zonaroja.com.mx\/wp-content\/uploads\/2022\/09\/Sesion-Congreso-Oaxaca.jpeg","jetpack_sharing_enabled":true,"_links":{"self":[{"href":"https:\/\/zonaroja.com.mx\/index.php?rest_route=\/wp\/v2\/posts\/46360","targetHints":{"allow":["GET"]}}],"collection":[{"href":"https:\/\/zonaroja.com.mx\/index.php?rest_route=\/wp\/v2\/posts"}],"about":[{"href":"https:\/\/zonaroja.com.mx\/index.php?rest_route=\/wp\/v2\/types\/post"}],"author":[{"embeddable":true,"href":"https:\/\/zonaroja.com.mx\/index.php?rest_route=\/wp\/v2\/users\/2"}],"replies":[{"embeddable":true,"href":"https:\/\/zonaroja.com.mx\/index.php?rest_route=%2Fwp%2Fv2%2Fcomments&post=46360"}],"version-history":[{"count":1,"href":"https:\/\/zonaroja.com.mx\/index.php?rest_route=\/wp\/v2\/posts\/46360\/revisions"}],"predecessor-version":[{"id":46362,"href":"https:\/\/zonaroja.com.mx\/index.php?rest_route=\/wp\/v2\/posts\/46360\/revisions\/46362"}],"wp:featuredmedia":[{"embeddable":true,"href":"https:\/\/zonaroja.com.mx\/index.php?rest_route=\/wp\/v2\/media\/46361"}],"wp:attachment":[{"href":"https:\/\/zonaroja.com.mx\/index.php?rest_route=%2Fwp%2Fv2%2Fmedia&parent=46360"}],"wp:term":[{"taxonomy":"category","embeddable":true,"href":"https:\/\/zonaroja.com.mx\/index.php?rest_route=%2Fwp%2Fv2%2Fcategories&post=46360"},{"taxonomy":"post_tag","embeddable":true,"href":"https:\/\/zonaroja.com.mx\/index.php?rest_route=%2Fwp%2Fv2%2Ftags&post=46360"}],"curies":[{"name":"wp","href":"https:\/\/api.w.org\/{rel}","templated":true}]}}