{"id":46363,"date":"2022-09-30T06:46:24","date_gmt":"2022-09-30T11:46:24","guid":{"rendered":"http:\/\/www.zonaroja.com.mx\/?p=46363"},"modified":"2022-09-30T06:46:25","modified_gmt":"2022-09-30T11:46:25","slug":"acumula-oaxaca-siete-muertes-por-dengue-y-369-contagiados","status":"publish","type":"post","link":"https:\/\/zonaroja.com.mx\/?p=46363","title":{"rendered":"Acumula Oaxaca siete muertes por dengue y 369 contagiados"},"content":{"rendered":"\n<p>Redacci\u00f3n\/Zona Roja.<\/p>\n\n\n\n<p>Oaxaca de Ju\u00e1rez, Oax., a 30 de septiembre de 2022.- Oaxaca acumula siete personas fallecidas a causa del dengue, as\u00ed como 369 casos positivos durante este a\u00f1o, confirm\u00f3 la dependencia Servicios de Salud de Oaxaca (SSO).<\/p>\n\n\n\n<p>En un comunicado, indic\u00f3 que los datos son hasta el corte de la semana epidemiol\u00f3gica n\u00famero 38 del 2022 y por la cifra de contagios, la entidad se ubica en el s\u00e9ptimo lugar a nivel nacional.<\/p>\n\n\n\n<p>\u201cLa Direcci\u00f3n General de Epidemiolog\u00eda (DGE) subi\u00f3 este d\u00eda a la plataforma cuatro fallecimientos m\u00e1s por esta causa, que se encontraban como mortalidad por dengue sospechosa, al corte de esta semana se confirmaron los diagn\u00f3sticos por laboratorio -no necesariamente perdieron la vida en los \u00faltimos d\u00edas-; de ah\u00ed que se increment\u00f3 a siete el n\u00famero de fallecimientos a nivel estatal\u201d, detall\u00f3.<\/p>\n\n\n\n<p>De los casos positivos, el Sistema de Vigilancia Epidemiol\u00f3gica de Dengue, tiene reportado del total de casos, conforme a su clasificaci\u00f3n cl\u00ednica, 126 notificaciones de Dengue No Grave y 243 a Dengue Con Signos de Alarma + Dengue Grave.&nbsp;<\/p>\n\n\n\n<p>Ante ello, la dependencia hizo un llamado a los oaxaque\u00f1os en general a prevenir este padecimiento, a trav\u00e9s de la eliminaci\u00f3n de criaderos del mosco transmisor Aedes Aegypti, con acciones de descacharrizaci\u00f3n de patios y azoteas.<\/p>\n\n\n\n<p>Por la temporada de lluvias, est\u00e1 previsto un aumento de casos, por ello las acciones de los SSO est\u00e1n encaminadas a reforzar las actividades de promoci\u00f3n de la salud, control vectorial, atenci\u00f3n m\u00e9dica, vigilancia epidemiol\u00f3gica y sanitaria, en las seis Jurisdicciones Sanitarias, con \u00e9nfasis en las zonas de riesgo; as\u00ed como notificaci\u00f3n de casos oportunos para la implementaci\u00f3n de cercos sanitarios y evitar que esta enfermedad se propague, indic\u00f3.<\/p>\n\n\n\n<p>La instituci\u00f3n recomend\u00f3 vaciar, tapar o dar vuelta a todo elemento que pueda colectar agua y convertirse en criadero del mosco transmisor como: cubetas, baldes, frascos, botellas, juguetes o llantas.<\/p>\n\n\n\n<p>As\u00ed tambi\u00e9n exhort\u00f3 a no automedicarse, y en caso de identificar s\u00edntomas como: dolor muscular, de cabeza, detr\u00e1s de los ojos, fiebre alta, v\u00f3mito, diarrea y sangrado repentino, acudir al Centro de Salud m\u00e1s cercano.<\/p>\n","protected":false},"excerpt":{"rendered":"<p>Redacci\u00f3n\/Zona Roja. Oaxaca de Ju\u00e1rez, Oax., a 30 de septiembre de 2022.- Oaxaca acumula siete&hellip;<\/p>\n","protected":false},"author":2,"featured_media":7482,"comment_status":"closed","ping_status":"open","sticky":false,"template":"","format":"standard","meta":{"_lmt_disableupdate":"","_lmt_disable":"","_jetpack_memberships_contains_paid_content":false,"footnotes":""},"categories":[1],"tags":[1005],"class_list":["post-46363","post","type-post","status-publish","format-standard","has-post-thumbnail","hentry","category-sin-categoria","tag-servicios-de-salud-de-oaxaca-sso"],"jetpack_featured_media_url":"https:\/\/zonaroja.com.mx\/wp-content\/uploads\/2020\/01\/Dengue1.jpg","jetpack_sharing_enabled":true,"_links":{"self":[{"href":"https:\/\/zonaroja.com.mx\/index.php?rest_route=\/wp\/v2\/posts\/46363","targetHints":{"allow":["GET"]}}],"collection":[{"href":"https:\/\/zonaroja.com.mx\/index.php?rest_route=\/wp\/v2\/posts"}],"about":[{"href":"https:\/\/zonaroja.com.mx\/index.php?rest_route=\/wp\/v2\/types\/post"}],"author":[{"embeddable":true,"href":"https:\/\/zonaroja.com.mx\/index.php?rest_route=\/wp\/v2\/users\/2"}],"replies":[{"embeddable":true,"href":"https:\/\/zonaroja.com.mx\/index.php?rest_route=%2Fwp%2Fv2%2Fcomments&post=46363"}],"version-history":[{"count":1,"href":"https:\/\/zonaroja.com.mx\/index.php?rest_route=\/wp\/v2\/posts\/46363\/revisions"}],"predecessor-version":[{"id":46364,"href":"https:\/\/zonaroja.com.mx\/index.php?rest_route=\/wp\/v2\/posts\/46363\/revisions\/46364"}],"wp:featuredmedia":[{"embeddable":true,"href":"https:\/\/zonaroja.com.mx\/index.php?rest_route=\/wp\/v2\/media\/7482"}],"wp:attachment":[{"href":"https:\/\/zonaroja.com.mx\/index.php?rest_route=%2Fwp%2Fv2%2Fmedia&parent=46363"}],"wp:term":[{"taxonomy":"category","embeddable":true,"href":"https:\/\/zonaroja.com.mx\/index.php?rest_route=%2Fwp%2Fv2%2Fcategories&post=46363"},{"taxonomy":"post_tag","embeddable":true,"href":"https:\/\/zonaroja.com.mx\/index.php?rest_route=%2Fwp%2Fv2%2Ftags&post=46363"}],"curies":[{"name":"wp","href":"https:\/\/api.w.org\/{rel}","templated":true}]}}