{"id":46365,"date":"2022-09-30T06:53:15","date_gmt":"2022-09-30T11:53:15","guid":{"rendered":"http:\/\/www.zonaroja.com.mx\/?p=46365"},"modified":"2022-09-30T06:53:16","modified_gmt":"2022-09-30T11:53:16","slug":"fortalece-el-poder-judicial-capacidad-juridica-de-personas-con-discapacidad","status":"publish","type":"post","link":"https:\/\/zonaroja.com.mx\/?p=46365","title":{"rendered":"Fortalece el Poder Judicial capacidad jur\u00eddica de personas con discapacidad"},"content":{"rendered":"\n<p>Redacci\u00f3n\/Zona Roja.<\/p>\n\n\n\n<p>Oaxaca de Ju\u00e1rez, Oax., a 30 de septiembre de 2022.- Con el objetivo de&nbsp;capacitar a las y los operadores del sistema de justicia en el enfoque de derechos humanos, para que reconozcan la capacidad jur\u00eddica de las personas con discapacidad y brinden un trato diferenciado v\u00e1lido que facilite el acceso a la justicia, el Poder Judicial del Estado, en conjunto con la Procuradur\u00eda para la Defensa de las Personas con Discapacidad del Estado (PROPCD) y la organizaci\u00f3n civil Documenta, iniciaron el curso \u201cCapacidad Jur\u00eddica desde la perspectiva de discapacidad\u201d.<\/p>\n\n\n\n<p>En su intervenci\u00f3n en la ceremonia de inauguraci\u00f3n,&nbsp;que se realiz\u00f3 en el auditorio \u201cBenito Ju\u00e1rez\u201d de los Juzgados Civiles y Familiares del Centro,&nbsp;el presidente del Tribunal Superior de Justicia y del Consejo de la Judicatura, magistrado Eduardo Pinacho&nbsp;S\u00e1nchez, enfatiz\u00f3&nbsp;que&nbsp;\u201chablar de pluralidad, diversidad, igualdad e inclusi\u00f3n, necesariamente pasa por el reconocimiento y la salvaguarda de los derechos de quienes viven con alguna discapacidad\u201d.<\/p>\n\n\n\n<p>Ante la vicepresidenta del Comit\u00e9 sobre los derechos de las Personas con Discapacidad de la Organizaci\u00f3n de las Naciones Unidas, doctora&nbsp;Amalia Gamio R\u00edos&nbsp;y&nbsp;la presidenta de la Mesa Directiva de la 65 Legislatura del Estado, diputada Mariana Ben\u00edtez Tiburcio; reiter\u00f3 el compromiso del Poder Judicial de instrumentar las acciones y estrategias pertinentes para promover, fomentar, respetar, proteger y garantizar la no&nbsp;discriminaci\u00f3n&nbsp;de todas las personas.<\/p>\n\n\n\n<p>En el evento, donde tambi\u00e9n estuvieron presentes&nbsp;la&nbsp;Procuradora de la Defensa de las Personas con Discapacidad,&nbsp;doctora&nbsp;Lii&nbsp;YioP\u00e9rez Z\u00e1rate; el vicefiscal General de la Zona Centro, maestro&nbsp;Alejandro Ram\u00edrez Hern\u00e1ndez&nbsp;y el director de la Defensor\u00eda P\u00fablica del&nbsp;Estado,&nbsp;Jes\u00fas&nbsp;Gerardo Herrera, se realizaron diferentes din\u00e1micas para sensibilizar a las y los asistentes sobre los obst\u00e1culos que enfrentan quienes viven con alguna condici\u00f3n especial f\u00edsica o mental.&nbsp;<\/p>\n\n\n\n<p>La inauguraci\u00f3n de las actividades estuvo a cargo de la&nbsp;presidenta de la Mesa Directiva de la LXV Legislatura del Estado,&nbsp;quien celebr\u00f3 esta suma de esfuerzos y compromisos por garantizar plenamente sus derechos a este sector de la poblaci\u00f3n. &nbsp;<\/p>\n","protected":false},"excerpt":{"rendered":"<p>Redacci\u00f3n\/Zona Roja. Oaxaca de Ju\u00e1rez, Oax., a 30 de septiembre de 2022.- Con el objetivo&hellip;<\/p>\n","protected":false},"author":2,"featured_media":46366,"comment_status":"closed","ping_status":"open","sticky":false,"template":"","format":"standard","meta":{"_lmt_disableupdate":"","_lmt_disable":"","_jetpack_memberships_contains_paid_content":false,"footnotes":""},"categories":[109,47],"tags":[223],"class_list":["post-46365","post","type-post","status-publish","format-standard","has-post-thumbnail","hentry","category-minuto-a-minuto","category-zona-gris","tag-poder-judicial-de-oaxaca"],"jetpack_featured_media_url":"https:\/\/zonaroja.com.mx\/wp-content\/uploads\/2022\/09\/Inicio-curso-especializado-Poder-Judicial.jpg","jetpack_sharing_enabled":true,"_links":{"self":[{"href":"https:\/\/zonaroja.com.mx\/index.php?rest_route=\/wp\/v2\/posts\/46365","targetHints":{"allow":["GET"]}}],"collection":[{"href":"https:\/\/zonaroja.com.mx\/index.php?rest_route=\/wp\/v2\/posts"}],"about":[{"href":"https:\/\/zonaroja.com.mx\/index.php?rest_route=\/wp\/v2\/types\/post"}],"author":[{"embeddable":true,"href":"https:\/\/zonaroja.com.mx\/index.php?rest_route=\/wp\/v2\/users\/2"}],"replies":[{"embeddable":true,"href":"https:\/\/zonaroja.com.mx\/index.php?rest_route=%2Fwp%2Fv2%2Fcomments&post=46365"}],"version-history":[{"count":1,"href":"https:\/\/zonaroja.com.mx\/index.php?rest_route=\/wp\/v2\/posts\/46365\/revisions"}],"predecessor-version":[{"id":46367,"href":"https:\/\/zonaroja.com.mx\/index.php?rest_route=\/wp\/v2\/posts\/46365\/revisions\/46367"}],"wp:featuredmedia":[{"embeddable":true,"href":"https:\/\/zonaroja.com.mx\/index.php?rest_route=\/wp\/v2\/media\/46366"}],"wp:attachment":[{"href":"https:\/\/zonaroja.com.mx\/index.php?rest_route=%2Fwp%2Fv2%2Fmedia&parent=46365"}],"wp:term":[{"taxonomy":"category","embeddable":true,"href":"https:\/\/zonaroja.com.mx\/index.php?rest_route=%2Fwp%2Fv2%2Fcategories&post=46365"},{"taxonomy":"post_tag","embeddable":true,"href":"https:\/\/zonaroja.com.mx\/index.php?rest_route=%2Fwp%2Fv2%2Ftags&post=46365"}],"curies":[{"name":"wp","href":"https:\/\/api.w.org\/{rel}","templated":true}]}}