{"id":4637,"date":"2019-10-07T22:30:48","date_gmt":"2019-10-08T03:30:48","guid":{"rendered":"http:\/\/www.zonaroja.com.mx\/?p=4637"},"modified":"2019-10-07T22:30:51","modified_gmt":"2019-10-08T03:30:51","slug":"en-el-caso-nochixtlan-no-habra-perdon-si-antes-no-hay-justicia-comite-de-victimas","status":"publish","type":"post","link":"https:\/\/zonaroja.com.mx\/?p=4637","title":{"rendered":"En el Caso Nochixtl\u00e1n no habr\u00e1 perd\u00f3n si antes no hay justicia: Comit\u00e9 de V\u00edctimas"},"content":{"rendered":"\n<p>Redacci\u00f3n\/Zona\nRoja Cdmx.<\/p>\n\n\n\n<p>Ciudad\nde M\u00e9xico, 7 de octubre de 2019.- Si el gobierno pretende acabar con la\nimpunidad, va a tener que enderezar la averiguaci\u00f3n judicial sobre los hechos\nde Nochixtl\u00e1n, Oaxaca (del 19 de junio de 2016) y determinar la responsabilidad\nde altos funcionarios que tomaron decisiones y dieron \u00f3rdenes de aquel\noperativo policiaco hace tres a\u00f1os. <\/p>\n\n\n\n<p>Y\nsobre todo, tiene que dejar de hablar de perd\u00f3n sin que antes haya justicia,\nasegura Sergio Luna, uno de los integrantes del Comit\u00e9 de V\u00edctimas que surgi\u00f3\nde esa agresi\u00f3n, seg\u00fan inform\u00f3 hoy el diario \u201cLa Jornada\u201d.<\/p>\n\n\n\n<p>\u201cPara\nm\u00ed, que tuve que enterrar a mi hijo \u00d3scar Luna Aguilar, un muchacho de 22 a\u00f1os,\nuno de los ocho ca\u00eddos de aquel d\u00eda, el presidente L\u00f3pez Obrador no tiene la\ncalidad moral para pedirme que perdone a los asesinos\u201d, dijo.<\/p>\n\n\n\n<p>DIVIDIDOS<\/p>\n\n\n\n<p>Con\nun Comit\u00e9 de V\u00edctimas (Covic) dividido, algunos de sus miembros distanciados de\nla dirigencia de la Secci\u00f3n 22 de la Coordinadora Nacional de Trabajadores de\nla Educaci\u00f3n (CNTE) y preocupados porque en los espacios de negociaci\u00f3n del\nmovimiento magisterial con el presidente nos tienen olvidados, estas v\u00edctimas\n(familiares de los ca\u00eddos, sobrevivientes del ataque y otros damnificados)\nreclaman tener presencia en la reuni\u00f3n programada para este mi\u00e9rcoles entre\nL\u00f3pez Obrador y la CNTE, y que se retome como prioritario en la agenda de la\nCuarta Transformaci\u00f3n el esclarecimiento pleno del Caso Nochixtl\u00e1n.<\/p>\n\n\n\n<p>Para\nel representante legal de estas v\u00edctimas, Darinel Blas Garc\u00eda, el cambio de\nr\u00e9gimen no signific\u00f3 avances: \u201cDesde el principio la investigaci\u00f3n no fue ni\nimparcial ni objetiva. En todo momento se trat\u00f3 de evitar se\u00f1alamientos contra\nautoridades, se quiso ignorar la cadena de mando sobre las \u00f3rdenes que se\ndieron aquel d\u00eda y que provocaron un operativo violento, con uso de armas de\nguerra contra la poblaci\u00f3n civil y sin atender ning\u00fan protocolo sobre el uso de\nla fuerza\u201d.<\/p>\n\n\n\n<p>Cuestiona\nque desde el primer momento se definieron los hechos como un enfrentamiento\nentre maestros y pobladores contra polic\u00edas y no como un ataque frontal de la\npolic\u00eda contra la poblaci\u00f3n. Y esta narrativa sigue aun cuando ya la nueva FGR\ntiene el caso en sus manos.<\/p>\n\n\n\n<p>DATOS\nFALSOS<\/p>\n\n\n\n<p>En\nel expediente, indica, hay muchos datos falsos: se dice que el bloqueo era\nejecutado por cerca de 350 maestros y pobladores, cuando a la hora del\noperativo no hab\u00eda m\u00e1s de 30, quiz\u00e1 40 personas en el ret\u00e9n, porque ese domingo\nera D\u00eda del Padre y d\u00eda de mercado y la gente estaba en sus ocupaciones. <\/p>\n\n\n\n<p>Participaron\nm\u00e1s de 850 elementos, tanto de polic\u00eda municipal como estatal y federal y en\nmenos de 15 minutos lograron su supuesto objetivo, retirar el bloqueo.<\/p>\n\n\n\n<p>Sin\nembargo, el avance de los cuerpos policiacos sigui\u00f3 por todos los flancos e\nincluso por aire, disparando armas y gases lacrim\u00f3genos. La jornada se sald\u00f3\ncon ocho muertos, centenares de heridos, el \u00fanico hospital sitiado y algunos\nincendios.<\/p>\n\n\n\n<p>El\nrepresentante legal recuerda que las primeras l\u00edneas de investigaci\u00f3n de la\nfiscal\u00eda estatal, bajo responsabilidad del ex gobernador Gabino Cu\u00e9, se centr\u00f3\nen acusar a los maestros y a la poblaci\u00f3n de homicidio, lesiones y da\u00f1os a\nterceros. Cuando la PGR atrajo el caso, no cambi\u00f3 la orientaci\u00f3n de la\ninvestigaci\u00f3n.<\/p>\n\n\n\n<p>INCULPADOS<\/p>\n\n\n\n<p>En\ntodo momento intentaron ignorar las declaraciones de las v\u00edctimas. Las carpetas\nde investigaci\u00f3n contienen, por ejemplo, m\u00e1s de 500 supuestos interrogatorios a\nelementos policiacos. Todos dicen lo mismo; nadie los cuestion\u00f3.<\/p>\n\n\n\n<p>Por\notra parte, consta que los familiares de las v\u00edctimas y los lesionados fueron\nm\u00e1s investigados que cualquier otro. Se averiguaron sus perfiles, sus\nantecedentes penales e incluso las carpetas contienen fotograf\u00edas de los\ndolientes a la hora de enterrar a sus seres queridos en el pante\u00f3n. Al parecer,\ns\u00f3lo persegu\u00edan un objetivo: incriminar a las v\u00edctimas.<\/p>\n\n\n\n<p>A\u00f1ade\nque si el fiscal Alejandro Gertz Manero quiere recomponer la investigaci\u00f3n\ntiene que dejar de ver a las v\u00edctimas como el enemigo.<\/p>\n\n\n\n<p>IMPUNIDAD<\/p>\n\n\n\n<p>Aunque\nel expediente del caso ya consta de 38 tomos, en ning\u00fan momento los\ninvestigadores inquieren sobre c\u00f3mo y por qu\u00e9 se decidi\u00f3 el operativo, qui\u00e9n\ndio las \u00f3rdenes de avanzar m\u00e1s all\u00e1 del bloqueo, qui\u00e9n autoriz\u00f3 que decenas de\nelementos fueran armados, qui\u00e9n orden\u00f3 disparar. <\/p>\n\n\n\n<p>A\npesar de las numerosas pruebas documentales existentes, fotograf\u00edas y videos\nampliamente divulgados, s\u00f3lo ha sido identificado uno de los elementos de la\npolic\u00eda estatal, Jos\u00e9 Luis Lazo, quien apareci\u00f3 en grabaciones televisadas\ndisparando su arma desde un puente hacia un terrapl\u00e9n, a un costado de la\ncarretera por donde decenas deciviles intentaban huir. Solamente en ese punto\nse registraron tres de las muertes. Una de ellas, la de \u00d3scar Luna, el hijo de\nSergio.<\/p>\n\n\n\n<p>En\nsus distintas declaraciones, Lazo ofrece versiones contradictorias. En una de\nellas asegura que \u00e9l no acudi\u00f3 para participar en el operativo ese d\u00eda por\norden de alg\u00fan superior sino por motu proprio. En otra dice que ese d\u00eda le\nrobaron el arma porque dej\u00f3 abierta su patrulla.<\/p>\n\n\n\n<p>De\ntodos los probables responsables se\u00f1alados por las v\u00edctimas como autores\nintelectuales de las ocho muertes ocurridas en el ataque y que van desde el\ncomisionado general de la Polic\u00eda Federal en ese momento, Enrique Francisco\nGalindo; el gobernador de entonces, Gabino Cu\u00e9; los ex secretarios de Seguridad\nP\u00fablica, Renato Sales Heredia, y de Gobernaci\u00f3n, Miguel \u00c1ngel Osorio Chong, e\nincluso el ex presidente Enrique Pe\u00f1a Nieto, solamente el primero ha sido\ncitado a declarar. <\/p>\n\n\n\n<p>Pero\nno ha acudido. Primero se argument\u00f3 que no lo han localizado, pese a contar con\ncuatro domicilios en San Luis Potos\u00ed.<\/p>\n\n\n\n<p>Blas\nGarc\u00eda denuncia que tras ocho meses del nuevo gobierno, la Fiscal\u00eda General de\nla Rep\u00fablica no profundiz\u00f3. Para destrabar el bloqueo de la investigaci\u00f3n, el\nCovic ofreci\u00f3 a la FGR una ampliaci\u00f3n de declaraciones de las v\u00edctimas. No ha\nprocedido.<\/p>\n\n\n\n<p>El\nactual delegado de la FGR en Oaxaca, Jaime Porfirio Garc\u00eda, un funcionario que\nviene de la antigua PGR, cambi\u00f3 en cuatro ocasiones al responsable del\nMinisterio Publico. Solamente leer y conocer el expediente con 38 tomos hasta\nel momento se toman tres meses de trabajo intenso. Finalmente, hay un MP nuevo,\nSa\u00fal Velasco. Y ahora \u00e9l tiene que empezar el estudio del caso, ya con tres\na\u00f1os de retraso, desde cero.<\/p>\n\n\n\n<p>REINICIAR<\/p>\n\n\n\n<p>\u201cEs\nmuy humillante saber que despu\u00e9s de tres a\u00f1os, despu\u00e9s de haber luchado tanto,\nvamos a empezar desde el principio\u201d, asegura Sergio Luna.<\/p>\n\n\n\n<p>\u201cPero\nno vamos a dejar la lucha \u2013agrega Miguel \u00c1ngel Hern\u00e1ndez, otra v\u00edctima\u2013; sabemos\nque esto va a seguir siendo complicado porque estamos enfrentando a gente muy\npoderosa. Pero no podemos rendirnos. Somos los portavoces de los masacrados\u201d.\nMiguel \u00c1ngel fue gaseado durante el ataque. Su cu\u00f1ado Aar\u00f3n Jos\u00e9 fue uno de los\nprimeros en caer, herido de bala.<\/p>\n\n\n\n<p>Creado\nen los primeros d\u00edas despu\u00e9s de los hechos, el Comit\u00e9 de V\u00edctimas de Nochixtl\u00e1n\nsufre ya varias fracturas por la diferencia de objetivos y estrategias legales.\nUna de las facciones ha privilegiado la v\u00eda del litigio en el seno de la\nComisi\u00f3n Interamericana de Derechos Humanos y la obtenci\u00f3n de un acuerdo para\nla reparaci\u00f3n del da\u00f1o. <\/p>\n\n\n\n<p>Otro\ngrupo, al que pertenecen Luna y Hern\u00e1ndez, insiste en llegar hasta el final,\nhasta que se establezcan responsabilidades contra los autores materiales. Y no\naceptar\u00edan un pacto de indemnizaciones antes que la justicia.<\/p>\n\n\n\n<p>Parte\nde las v\u00edctimas s\u00ed est\u00e1n sobre eso. Pero como padre de un ca\u00eddo, es\ninaceptable. Una vida no se repara ni con todo el oro del mundo, concluye Luna.<\/p>\n","protected":false},"excerpt":{"rendered":"<p>Redacci\u00f3n\/Zona Roja Cdmx. Ciudad de M\u00e9xico, 7 de octubre de 2019.- Si el gobierno pretende&hellip;<\/p>\n","protected":false},"author":2,"featured_media":4638,"comment_status":"closed","ping_status":"open","sticky":false,"template":"","format":"standard","meta":{"_lmt_disableupdate":"","_lmt_disable":"","_jetpack_memberships_contains_paid_content":false,"footnotes":""},"categories":[1,47],"tags":[249],"class_list":["post-4637","post","type-post","status-publish","format-standard","has-post-thumbnail","hentry","category-sin-categoria","category-zona-gris","tag-comite-de-victimas-nochixtlan"],"jetpack_featured_media_url":"https:\/\/zonaroja.com.mx\/wp-content\/uploads\/2019\/10\/PHOTO-2019-10-07-22-28-46.jpg","jetpack_sharing_enabled":true,"_links":{"self":[{"href":"https:\/\/zonaroja.com.mx\/index.php?rest_route=\/wp\/v2\/posts\/4637","targetHints":{"allow":["GET"]}}],"collection":[{"href":"https:\/\/zonaroja.com.mx\/index.php?rest_route=\/wp\/v2\/posts"}],"about":[{"href":"https:\/\/zonaroja.com.mx\/index.php?rest_route=\/wp\/v2\/types\/post"}],"author":[{"embeddable":true,"href":"https:\/\/zonaroja.com.mx\/index.php?rest_route=\/wp\/v2\/users\/2"}],"replies":[{"embeddable":true,"href":"https:\/\/zonaroja.com.mx\/index.php?rest_route=%2Fwp%2Fv2%2Fcomments&post=4637"}],"version-history":[{"count":1,"href":"https:\/\/zonaroja.com.mx\/index.php?rest_route=\/wp\/v2\/posts\/4637\/revisions"}],"predecessor-version":[{"id":4639,"href":"https:\/\/zonaroja.com.mx\/index.php?rest_route=\/wp\/v2\/posts\/4637\/revisions\/4639"}],"wp:featuredmedia":[{"embeddable":true,"href":"https:\/\/zonaroja.com.mx\/index.php?rest_route=\/wp\/v2\/media\/4638"}],"wp:attachment":[{"href":"https:\/\/zonaroja.com.mx\/index.php?rest_route=%2Fwp%2Fv2%2Fmedia&parent=4637"}],"wp:term":[{"taxonomy":"category","embeddable":true,"href":"https:\/\/zonaroja.com.mx\/index.php?rest_route=%2Fwp%2Fv2%2Fcategories&post=4637"},{"taxonomy":"post_tag","embeddable":true,"href":"https:\/\/zonaroja.com.mx\/index.php?rest_route=%2Fwp%2Fv2%2Ftags&post=4637"}],"curies":[{"name":"wp","href":"https:\/\/api.w.org\/{rel}","templated":true}]}}