{"id":46372,"date":"2022-09-30T08:19:20","date_gmt":"2022-09-30T13:19:20","guid":{"rendered":"http:\/\/www.zonaroja.com.mx\/?p=46372"},"modified":"2022-09-30T08:19:22","modified_gmt":"2022-09-30T13:19:22","slug":"la-mayor-filtracion-de-la-historia-deja-al-descubierto-los-secretos-de-amlo","status":"publish","type":"post","link":"https:\/\/zonaroja.com.mx\/?p=46372","title":{"rendered":"La mayor filtraci\u00f3n de la historia deja al descubierto los \u2018secretos\u2019 de AMLO"},"content":{"rendered":"\n<p>Redacci\u00f3n\/Zona Roja Cdmx.<\/p>\n\n\n\n<p>Ciudad de M\u00e9xico, a 30 de septiembre de 2022.- El periodista Carlos Loret de Mola revel\u00f3 la noche de este 29 de septiembre, el contenido de la mayor filtraci\u00f3n de documentos a la que jam\u00e1s se haya tenido acceso en toda la historia.<\/p>\n\n\n\n<p>Se trata de una colecci\u00f3n de informaci\u00f3n de la Secretar\u00eda de la Defensa Nacional (Sedena) de 2016 a septiembre de 2022, obtenidos por un grupo de hackers internacionales llamados Guacamayos, en los que se descubren episodios in\u00e9ditos ocurridos en los puntos m\u00e1s \u00e1lgidos del gobierno de Andr\u00e9s Manuel L\u00f3pez Obrador, as\u00ed como otros muchos sucesos y datos de gran relevancia que desnudan por completo el estado de salud del Presidente.<\/p>\n\n\n\n<p>Queda en evidencia, por ejemplo, las intervenciones de emergencia que ha tenido mandatario federal, de 68 a\u00f1os. El 2 de enero de este a\u00f1o fue trasladado de su rancho en Palenque, Chiapas a un hospital de la Ciudad de M\u00e9xico, donde fue diagnosticado con anguina inestable de riesgo alto. Durante los primeros 16 d\u00edas de 2022, el Presidente tuvo 10 consultas m\u00e9dicas<\/p>\n\n\n\n<p>Los cuestionamientos sobre el estado f\u00edsico del mandatario se ahondaron cuando se\u00f1al\u00f3 que ten\u00eda un testamento pol\u00edtico en caso de fallecer o enfermar de gravedad en el cargo. L\u00f3pez Obrador ha superado dos veces el COVID-19, se ha sometido a un cateterismo, un procedimiento card\u00edaco y varios ex\u00e1menes de rutina. Sin embargo, lo m\u00e1s grave es el hipotiroidismo detectado el 22 de diciembre del a\u00f1o pasado.<\/p>\n\n\n\n<p>\u201cCULIACANAZO\u201d<\/p>\n\n\n\n<p>Tambi\u00e9n se recogen los movimientos realizados por los militares, durante el operativo donde se intent\u00f3 detener a Ovidio Guzm\u00e1n, hijo de Joaqu\u00edn el Chapo Guzm\u00e1n, en Sinaloa. El parte militar establece que a las 19:30 horas, los efectivos recibieron la orden directa del Presidente del cese del operativo para capturar al presunto l\u00edder del C\u00e1rtel de Sinaloa.<\/p>\n\n\n\n<p>\u201cENEMISTAD\u201d<\/p>\n\n\n\n<p>De especial inter\u00e9s son las pruebas que aportan sobre las diferencias entre los mandos de las Fuerzas Armadas, el titular de la Semar, Rafael Ojeda, y Sedena, Luis Cresencio Sandoval, de Sedena. En una misiva sobre el Aeropuerto Internacional de la Ciudad de M\u00e9xico (AICM), el Almirante asegura al General que lo importante es la coordinaci\u00f3n y no los protagonismos.<\/p>\n\n\n\n<p>Entre los primeros documentos que hoy hace p\u00fablicos Loret de Mola se descubre el p\u00e1nico que representan los efectivos desplegados en el pa\u00eds, pues tan s\u00f3lo en Canc\u00fan, Quintana Roo, operan menos de la mitad de elementos designados para las tareas de seguridad.<\/p>\n\n\n\n<p>Loret de Mola prometi\u00f3 ofrecer detalles sobre el seguimiento al embajador de Estados Unidos, Ken Salazar, o los mensajes que figuras del gobierno han mantenido con personas de relevancia.<\/p>\n\n\n\n<p>(Informaci\u00f3n de \u201cEl Financiero\u201d)<\/p>\n\n\n\n<figure class=\"wp-block-embed is-type-rich is-provider-twitter wp-block-embed-twitter\"><div class=\"wp-block-embed__wrapper\">\n<div class=\"twitter-tweet\"><blockquote class=\"twitter-tweet\" data-lang=\"es\"><p lang=\"es\" dir=\"ltr\"><a href=\"https:\/\/twitter.com\/hashtag\/%C3%9AltimoMinuto?src=hash&amp;ref_src=twsrc%5Etfw\">#\u00daltimoMinuto<\/a><br>\u00a1Grave! El hackeo m\u00e1s grande de M\u00e9xico.<br>Miles de documentos confidenciales del Ej\u00e9rcito fueron enviados a <a href=\"https:\/\/twitter.com\/latinus_us?ref_src=twsrc%5Etfw\">@latinus_us<\/a>.<br>Revelan c\u00f3mo el Presidente escondi\u00f3 hospitalizaciones y diagn\u00f3sticos m\u00e9dicos graves. Exponen secretos del \u201cCuliacanazo\u201d.<br>\ud83d\udc47<a href=\"https:\/\/t.co\/0y38DiHWCl\">https:\/\/t.co\/0y38DiHWCl<\/a><\/p>&mdash; Zona Roja Oaxaca (@ZonaRoja_Oaxaca) <a href=\"https:\/\/twitter.com\/ZonaRoja_Oaxaca\/status\/1575695745336082433?ref_src=twsrc%5Etfw\">30 de septiembre de 2022<\/a><\/blockquote><\/div>\n<\/div><\/figure>\n","protected":false},"excerpt":{"rendered":"<p>Redacci\u00f3n\/Zona Roja Cdmx. Ciudad de M\u00e9xico, a 30 de septiembre de 2022.- El periodista Carlos&hellip;<\/p>\n","protected":false},"author":2,"featured_media":46373,"comment_status":"closed","ping_status":"open","sticky":false,"template":"","format":"standard","meta":{"_lmt_disableupdate":"","_lmt_disable":"","_jetpack_memberships_contains_paid_content":false,"footnotes":""},"categories":[109,47],"tags":[143],"class_list":["post-46372","post","type-post","status-publish","format-standard","has-post-thumbnail","hentry","category-minuto-a-minuto","category-zona-gris","tag-andres-manuel-lopez-obrador"],"jetpack_featured_media_url":"https:\/\/zonaroja.com.mx\/wp-content\/uploads\/2022\/09\/Hackers-AMLO-Sedena.jpeg","jetpack_sharing_enabled":true,"_links":{"self":[{"href":"https:\/\/zonaroja.com.mx\/index.php?rest_route=\/wp\/v2\/posts\/46372","targetHints":{"allow":["GET"]}}],"collection":[{"href":"https:\/\/zonaroja.com.mx\/index.php?rest_route=\/wp\/v2\/posts"}],"about":[{"href":"https:\/\/zonaroja.com.mx\/index.php?rest_route=\/wp\/v2\/types\/post"}],"author":[{"embeddable":true,"href":"https:\/\/zonaroja.com.mx\/index.php?rest_route=\/wp\/v2\/users\/2"}],"replies":[{"embeddable":true,"href":"https:\/\/zonaroja.com.mx\/index.php?rest_route=%2Fwp%2Fv2%2Fcomments&post=46372"}],"version-history":[{"count":1,"href":"https:\/\/zonaroja.com.mx\/index.php?rest_route=\/wp\/v2\/posts\/46372\/revisions"}],"predecessor-version":[{"id":46374,"href":"https:\/\/zonaroja.com.mx\/index.php?rest_route=\/wp\/v2\/posts\/46372\/revisions\/46374"}],"wp:featuredmedia":[{"embeddable":true,"href":"https:\/\/zonaroja.com.mx\/index.php?rest_route=\/wp\/v2\/media\/46373"}],"wp:attachment":[{"href":"https:\/\/zonaroja.com.mx\/index.php?rest_route=%2Fwp%2Fv2%2Fmedia&parent=46372"}],"wp:term":[{"taxonomy":"category","embeddable":true,"href":"https:\/\/zonaroja.com.mx\/index.php?rest_route=%2Fwp%2Fv2%2Fcategories&post=46372"},{"taxonomy":"post_tag","embeddable":true,"href":"https:\/\/zonaroja.com.mx\/index.php?rest_route=%2Fwp%2Fv2%2Ftags&post=46372"}],"curies":[{"name":"wp","href":"https:\/\/api.w.org\/{rel}","templated":true}]}}