{"id":46378,"date":"2022-09-30T08:39:57","date_gmt":"2022-09-30T13:39:57","guid":{"rendered":"http:\/\/www.zonaroja.com.mx\/?p=46378"},"modified":"2022-09-30T08:39:58","modified_gmt":"2022-09-30T13:39:58","slug":"con-mediacion-de-fiscalia-logran-reparacion-de-dano-por-menor-muerto","status":"publish","type":"post","link":"https:\/\/zonaroja.com.mx\/?p=46378","title":{"rendered":"Con mediaci\u00f3n de Fiscal\u00eda, logran reparaci\u00f3n de da\u00f1o por menor muerto"},"content":{"rendered":"\n<p>Redacci\u00f3n\/Zona Roja.&nbsp;<\/p>\n\n\n\n<p>Oaxaca de Ju\u00e1rez, Oax., 30 de septiembre de 2022.- La Fiscal\u00eda General del Estado de Oaxaca (FGEO), a trav\u00e9s de su Centro de Justicia Alternativa (CJA), logr\u00f3 un acuerdo reparatorio de cumplimiento inmediato en favor de la familia de un adolescente que falleci\u00f3 sepultado en una obra que se realiza en la avenida S\u00edmbolos Patrios, en la zona metropolitana de Oaxaca de Ju\u00e1rez.<\/p>\n\n\n\n<p>Los hechos se suscitaron este jueves 29 de septiembre, cuando el adolescente -quien era trabajador de Constructora M\u00e9xico de Proyectos Inteligentes de la Nueva Generaci\u00f3n S.A. de C.V.- qued\u00f3 sepultado cuando ejecutaban trabajos de excavaci\u00f3n en una zanja de las obras de ampliaci\u00f3n de carriles de avenida S\u00edmbolos Patrios, en inmediaciones con prolongaci\u00f3n de Fiallo.<\/p>\n\n\n\n<p>Pese a los esfuerzos de sus compa\u00f1eros y de la intervenci\u00f3n del Cuerpo de Bomberos, el adolescente perdi\u00f3 la vida.<\/p>\n\n\n\n<p>De forma inmediata, la FGEO intervino y dio el acompa\u00f1amiento a los familiares de la v\u00edctima directa y a trav\u00e9s del CJA de la Vicefiscal\u00eda General Zona Centro, logr\u00f3 un acuerdo reparatorio de cumplimiento inmediato con la empresa en la que laboraba el trabajador fallecido, consistente en el pago de los gastos funerarios, as\u00ed como la reparaci\u00f3n del da\u00f1o conforme a la Ley Federal del Trabajo vigente, entendimiento en que las v\u00edctimas indirectas expresaron su conformidad.<\/p>\n\n\n\n<p>CONDENA DE 30 A\u00d1OS<\/p>\n\n\n\n<p>Por otra parte, la Fiscal\u00eda General del Estado obtuvo sentencia condenatoria de 30 a\u00f1os de prisi\u00f3n contra la persona del sexo masculino identificada como M. J. S., responsable del delito de homicidio calificado en agravio de quien en vida respondi\u00f3 al nombre de M. P. H., cometido en noviembre de 2001 en jurisdicci\u00f3n de San Pedro El Alto, en el Distrito de Pochutla.<\/p>\n\n\n\n<p>De acuerdo con el expediente penal 317\/2001, el 2 de noviembre de 2001, el inculpado y otros sujetos agredieron con disparos de arma de fuego a la v\u00edctima, ocasion\u00e1ndole la muerte cuando se encontraba en el interior de su domicilio particular, ubicado en el referido municipio.<\/p>\n\n\n\n<p>Respecto a su situaci\u00f3n jur\u00eddica, el Juez Primero Mixto de Primera Instancia de San Pedro Pochutla dict\u00f3 sentencia condenatoria contra M. J. S., imponi\u00e9ndole la pena de 30 a\u00f1os de prisi\u00f3n y orden\u00f3 el pago de la reparaci\u00f3n del da\u00f1o.<\/p>\n","protected":false},"excerpt":{"rendered":"<p>Redacci\u00f3n\/Zona Roja.&nbsp; Oaxaca de Ju\u00e1rez, Oax., 30 de septiembre de 2022.- La Fiscal\u00eda General del&hellip;<\/p>\n","protected":false},"author":2,"featured_media":46379,"comment_status":"closed","ping_status":"open","sticky":false,"template":"","format":"standard","meta":{"_lmt_disableupdate":"","_lmt_disable":"","_jetpack_memberships_contains_paid_content":false,"footnotes":""},"categories":[109,46],"tags":[494],"class_list":["post-46378","post","type-post","status-publish","format-standard","has-post-thumbnail","hentry","category-minuto-a-minuto","category-zona-blanca","tag-fiscalia-general-del-estado-de-oaxaca"],"jetpack_featured_media_url":"https:\/\/zonaroja.com.mx\/wp-content\/uploads\/2022\/09\/Familia-de-menor-muerto-obras-Simbolos-Patrios.jpg","jetpack_sharing_enabled":true,"_links":{"self":[{"href":"https:\/\/zonaroja.com.mx\/index.php?rest_route=\/wp\/v2\/posts\/46378","targetHints":{"allow":["GET"]}}],"collection":[{"href":"https:\/\/zonaroja.com.mx\/index.php?rest_route=\/wp\/v2\/posts"}],"about":[{"href":"https:\/\/zonaroja.com.mx\/index.php?rest_route=\/wp\/v2\/types\/post"}],"author":[{"embeddable":true,"href":"https:\/\/zonaroja.com.mx\/index.php?rest_route=\/wp\/v2\/users\/2"}],"replies":[{"embeddable":true,"href":"https:\/\/zonaroja.com.mx\/index.php?rest_route=%2Fwp%2Fv2%2Fcomments&post=46378"}],"version-history":[{"count":1,"href":"https:\/\/zonaroja.com.mx\/index.php?rest_route=\/wp\/v2\/posts\/46378\/revisions"}],"predecessor-version":[{"id":46380,"href":"https:\/\/zonaroja.com.mx\/index.php?rest_route=\/wp\/v2\/posts\/46378\/revisions\/46380"}],"wp:featuredmedia":[{"embeddable":true,"href":"https:\/\/zonaroja.com.mx\/index.php?rest_route=\/wp\/v2\/media\/46379"}],"wp:attachment":[{"href":"https:\/\/zonaroja.com.mx\/index.php?rest_route=%2Fwp%2Fv2%2Fmedia&parent=46378"}],"wp:term":[{"taxonomy":"category","embeddable":true,"href":"https:\/\/zonaroja.com.mx\/index.php?rest_route=%2Fwp%2Fv2%2Fcategories&post=46378"},{"taxonomy":"post_tag","embeddable":true,"href":"https:\/\/zonaroja.com.mx\/index.php?rest_route=%2Fwp%2Fv2%2Ftags&post=46378"}],"curies":[{"name":"wp","href":"https:\/\/api.w.org\/{rel}","templated":true}]}}