{"id":46382,"date":"2022-09-30T15:55:00","date_gmt":"2022-09-30T20:55:00","guid":{"rendered":"https:\/\/www.zonaroja.com.mx\/?p=46382"},"modified":"2022-09-30T16:10:27","modified_gmt":"2022-09-30T21:10:27","slug":"atentado-a-derechos-de-mujeres-indigenas-aprobacion-de-reforma-en-el-congreso-local","status":"publish","type":"post","link":"https:\/\/zonaroja.com.mx\/?p=46382","title":{"rendered":"Atentado a derechos de mujeres ind\u00edgenas, aprobaci\u00f3n de reforma en el Congreso local"},"content":{"rendered":"\n<p>Yuridiana Sosa\/Zona Roja.<\/p>\n\n\n\n<p>Oaxaca de Ju\u00e1rez, Oax., 30 de septiembre de 2022.- Activistas feministas de Oaxaca se manifestaron, de manera pac\u00edfica, en la sede del Congreso del Estado contra la aprobaci\u00f3n de la reforma a la Ley de Instituciones y Procedimientos Electorales del Estado, que elimina la obligatoriedad de la paridad de g\u00e9nero en los ayuntamientos de Sistemas Normativas Ind\u00edgenas para el 2023.<\/p>\n\n\n\n<p>\u201c\u00a1Cuidado! en este lugar se atenta contra los derechos pol\u00edticos de las mujeres ind\u00edgenas\u201d, expresaron las integrantes de la Red de Mujeres para una vida libre de Violencia (Remuvi), quienes calificaron como un atentado la acci\u00f3n legislativa de un grupo de diputadas de Morena, en atenci\u00f3n a la demanda de s\u00f3lo un grupo de mujeres adheridas a una organizaci\u00f3n. <\/p>\n\n\n\n<p>La representante del colectivo, Sof\u00eda Mart\u00ednez, se\u00f1al\u00f3 que quienes han luchado junto con las mujeres ind\u00edgenas en Oaxaca saben que es falso que no quieren participar en elecciones, como lo justifican las diputadas y por lo que prolongaron, de manera indefinida, la paridad en los 417 municipios bajo ese sistema electoral.<\/p>\n\n\n\n<p>\u201cLos derechos de las mujeres no se obedecen en acuerdo mezquinos y particulares de grupos pol\u00edticos\u201d, \u201cNo al retroceso de los derechos de las mujeres\u201d, \u201cLos derechos pol\u00edticos de las mujeres no se consultan\u201d, consignan desde cartulinas que pegaron en el acceso principal del Congreso estatal.<\/p>\n\n\n\n<p>Con 23 votos a favor,&nbsp;este mi\u00e9rcoles&nbsp;se aprob\u00f3 en sesi\u00f3n ordinaria echar abajo el Decreto de 1511 \u2013de 2020- que ordena la paridad de g\u00e9nero en el a\u00f1o 2023 para todos los ayuntamientos de SNI y da paso a una paridad paulatina, conforme a los usos y costumbres de las poblaciones, sin un periodo fijo para que cumplan con la inclusi\u00f3n.&nbsp;<\/p>\n\n\n\n<p>Previo a la aprobaci\u00f3n de esta contrarreforma y ante la presentaci\u00f3n de la propuesta, tambi\u00e9n manifest\u00f3 su oposici\u00f3n la Red de Abogadas Ind\u00edgenas, cap\u00edtulo Oaxaca.<\/p>\n\n\n\n<p>La Red expres\u00f3 que dicha reforma es en detrimento de la participaci\u00f3n de las mujeres y expres\u00f3 que \u00abLos derechos pol\u00edticos de las mujeres ind\u00edgenas no pueden ser impostergables. Nos preocupa que se legisle en retroceso los derechos pol\u00edticos y electorales, pues en muchas comunidades han podido participar s\u00f3lo a base de sentencias\u201d, expuso.<\/p>\n\n\n\n<p>Tras ello, durante la sesi\u00f3n de clausura del primer periodo ordinario de sesiones, una representante de Remuvi ingres\u00f3 al recinto y mostr\u00f3 una pancarta de protesta. <\/p>\n\n\n\n<figure class=\"wp-block-embed\"><div class=\"wp-block-embed__wrapper\">\n<div class=\"twitter-tweet\"><blockquote class=\"twitter-tweet\" data-lang=\"es\"><p lang=\"es\" dir=\"ltr\">2. La representante de <a href=\"https:\/\/twitter.com\/RedRemuvi?ref_src=twsrc%5Etfw\">@RedRemuvi<\/a>, Sof\u00eda Mart\u00ednez, califica como un atentado a las mujeres y a los pueblos ind\u00edgenas, la reforma legal aprobada por el <a href=\"https:\/\/twitter.com\/CongresoOaxaca_?ref_src=twsrc%5Etfw\">@CongresoOaxaca_<\/a>, al retrasar la paridad en cargos de representaci\u00f3n popular. <a href=\"https:\/\/t.co\/4pRMpNylFT\">pic.twitter.com\/4pRMpNylFT<\/a><\/p>&mdash; Zona Roja Oaxaca (@ZonaRoja_Oaxaca) <a href=\"https:\/\/twitter.com\/ZonaRoja_Oaxaca\/status\/1575888680916779008?ref_src=twsrc%5Etfw\">30 de septiembre de 2022<\/a><\/blockquote><\/div>\n<\/div><\/figure>\n","protected":false},"excerpt":{"rendered":"<p>Yuridiana Sosa\/Zona Roja. Oaxaca de Ju\u00e1rez, Oax., 30 de septiembre de 2022.- Activistas feministas de&hellip;<\/p>\n","protected":false},"author":2,"featured_media":46381,"comment_status":"closed","ping_status":"open","sticky":false,"template":"","format":"standard","meta":{"_lmt_disableupdate":"","_lmt_disable":"","_jetpack_memberships_contains_paid_content":false,"footnotes":""},"categories":[109,47],"tags":[],"class_list":["post-46382","post","type-post","status-publish","format-standard","has-post-thumbnail","hentry","category-minuto-a-minuto","category-zona-gris"],"jetpack_featured_media_url":"https:\/\/zonaroja.com.mx\/wp-content\/uploads\/2022\/09\/a0e9a29c-e2b5-41cd-842b-65031548b6ca.jpg","jetpack_sharing_enabled":true,"_links":{"self":[{"href":"https:\/\/zonaroja.com.mx\/index.php?rest_route=\/wp\/v2\/posts\/46382","targetHints":{"allow":["GET"]}}],"collection":[{"href":"https:\/\/zonaroja.com.mx\/index.php?rest_route=\/wp\/v2\/posts"}],"about":[{"href":"https:\/\/zonaroja.com.mx\/index.php?rest_route=\/wp\/v2\/types\/post"}],"author":[{"embeddable":true,"href":"https:\/\/zonaroja.com.mx\/index.php?rest_route=\/wp\/v2\/users\/2"}],"replies":[{"embeddable":true,"href":"https:\/\/zonaroja.com.mx\/index.php?rest_route=%2Fwp%2Fv2%2Fcomments&post=46382"}],"version-history":[{"count":2,"href":"https:\/\/zonaroja.com.mx\/index.php?rest_route=\/wp\/v2\/posts\/46382\/revisions"}],"predecessor-version":[{"id":46384,"href":"https:\/\/zonaroja.com.mx\/index.php?rest_route=\/wp\/v2\/posts\/46382\/revisions\/46384"}],"wp:featuredmedia":[{"embeddable":true,"href":"https:\/\/zonaroja.com.mx\/index.php?rest_route=\/wp\/v2\/media\/46381"}],"wp:attachment":[{"href":"https:\/\/zonaroja.com.mx\/index.php?rest_route=%2Fwp%2Fv2%2Fmedia&parent=46382"}],"wp:term":[{"taxonomy":"category","embeddable":true,"href":"https:\/\/zonaroja.com.mx\/index.php?rest_route=%2Fwp%2Fv2%2Fcategories&post=46382"},{"taxonomy":"post_tag","embeddable":true,"href":"https:\/\/zonaroja.com.mx\/index.php?rest_route=%2Fwp%2Fv2%2Ftags&post=46382"}],"curies":[{"name":"wp","href":"https:\/\/api.w.org\/{rel}","templated":true}]}}