{"id":46385,"date":"2022-09-30T17:55:10","date_gmt":"2022-09-30T22:55:10","guid":{"rendered":"http:\/\/www.zonaroja.com.mx\/?p=46385"},"modified":"2022-09-30T19:26:19","modified_gmt":"2022-10-01T00:26:19","slug":"oaxaca-recibe-a-amlo-con-bloqueos-y-protestas-desatendidas","status":"publish","type":"post","link":"https:\/\/zonaroja.com.mx\/?p=46385","title":{"rendered":"Oaxaca recibe a AMLO con bloqueos y protestas desatendidas"},"content":{"rendered":"\n<p>Yuridiana Sosa\/Zona Roja.<\/p>\n\n\n\n<p>Oaxaca de Ju\u00e1rez, Oax., a 30 de septiembre de 2022.- M\u00faltiples protestas y bloqueos de hasta por cinco d\u00edas, a falta de atenci\u00f3n gubernamental estatal de Oaxaca, dieron la bienvenida, una vez m\u00e1s, al presidente de M\u00e9xico, Andr\u00e9s Manuel L\u00f3pez Obrador, en el inicio de su gira de trabajo este viernes.<\/p>\n\n\n\n<p>A trav\u00e9s de un mensaje dirigido al mandatario nacional, habitantes del Ejido&nbsp;Mogo\u00f1\u00e9 de San Juan Guichicovi, en la regi\u00f3n del Istmo de Oaxaca, advirtieron de un nueva jornada de protesta con el bloqueo en las v\u00edas f\u00e9rreas donde se efect\u00faan obras para el Corredor Interoce\u00e1nico, a partir del lunes 3 de octubre.<\/p>\n\n\n\n<p>La atenci\u00f3n a su demanda es para el orden federal a trav\u00e9s de la Secretar\u00eda de Desarrollo, Agrario Territorial y Urbano (Sedatu), a la que acusan de incompetente y desinteresada para efectuar el pago de la indemnizaci\u00f3n a sus tierras a pesar de sentencias de tribunales agrarios.<\/p>\n\n\n\n<p>\u201cMogo\u00f1e pide pago inmediato\u201d resaltan en pancartas durante la asamblea general, en la que se acord\u00f3 el bloqueo indefinido.<\/p>\n\n\n\n<figure class=\"wp-block-embed is-type-rich is-provider-twitter wp-block-embed-twitter\"><div class=\"wp-block-embed__wrapper\">\n<div class=\"twitter-tweet\"><blockquote class=\"twitter-tweet\" data-lang=\"es\"><p lang=\"es\" dir=\"ltr\"><a href=\"https:\/\/twitter.com\/hashtag\/%C3%9AltimoMinuto?src=hash&amp;ref_src=twsrc%5Etfw\">#\u00daltimoMinuto<\/a> <br>En el marco de la visita a <a href=\"https:\/\/twitter.com\/hashtag\/Oaxaca?src=hash&amp;ref_src=twsrc%5Etfw\">#Oaxaca<\/a> del Presidente <a href=\"https:\/\/twitter.com\/lopezobrador_?ref_src=twsrc%5Etfw\">@lopezobrador_<\/a>, pobladores del ejido Estaci\u00f3n Mogo\u00f1\u00e9, de San Juan Guichicovi, anuncian un bloqueo permanente para el pr\u00f3ximo lunes, a obras del Corredor Trans\u00edstmico.<br>Escuche las razones: <a href=\"https:\/\/t.co\/iS3IU30vRk\">pic.twitter.com\/iS3IU30vRk<\/a><\/p>&mdash; Zona Roja Oaxaca (@ZonaRoja_Oaxaca) <a href=\"https:\/\/twitter.com\/ZonaRoja_Oaxaca\/status\/1575967215228096512?ref_src=twsrc%5Etfw\">30 de septiembre de 2022<\/a><\/blockquote><\/div>\n<\/div><\/figure>\n\n\n\n<p>CINCO D\u00cdAS<\/p>\n\n\n\n<p>Por quinto d\u00eda consecutivo se registraron dos bloqueos en la regi\u00f3n del Istmo, sobre carretera trans\u00edstmica en el tramo Juchit\u00e1n-Tehuantepec.<\/p>\n\n\n\n<p>Continm\u00faa cerrado el paso en el punto conocido como \u201cPepe y Lolita\u201d, as\u00ed como otro en inmediaciones del Instituto Metropolitano de Ciencias Aplicadas (IMECA); esto por habitantes que exigen obras en sus comunidades<\/p>\n\n\n\n<p>En la capital del estado, cuatro mujeres familiares de 10 hombres retenidos en San Pedro Ozumac\u00edn de AYotzintepec, en la regi\u00f3n de la Cuenca, iniciaron su quinto d\u00eda en huelga de hambre para exigir a la Secretar\u00eda General de Gobierno la liberaci\u00f3n de las personas privadas de su libertad desde hace 29 d\u00edas.<\/p>\n\n\n\n<p>Las familias v\u00edctimas se\u00f1alan que la Segego no ofrece ninguna soluci\u00f3n ni garant\u00eda para que los habitantes de Santiago Progreso de Valle Nacional sean liberados, ni para que puedan recibir visitas.<\/p>\n\n\n\n<p>M\u00c1S PROTESTAS<\/p>\n\n\n\n<p>Docentes de la Secci\u00f3n 22 del Sindicato Nacional de Trabajadores de la Educaci\u00f3n (SNTE), de Educaci\u00f3n F\u00edsica, continuaron por segundo d\u00eda activos en su jornada de protesta para exigir el reconocimiento a su nivel para recibir los beneficios laborales y sindicales.<\/p>\n\n\n\n<p>La jornada inici\u00f3 el jueves con bloqueos en la capital y zona metropolitana, donde este viernes continuaron reunidos en inmediaciones del aeropuerto Internacional \u201cBenito Ju\u00e1rez\u201d, en Santa Cruz Xoxocotl\u00e1n.<\/p>\n\n\n\n<p>Mientras que estudiantes normalistas \u201ctomaron\u201d por varias horas, desde primeras horas del d\u00eda, la caseta de peaje de Huitzo Oaxaca- Cuacnopalan.<\/p>\n\n\n\n<p>Este viernes se movilizaron en Ciudad Administrativa integrantes de la organizaci\u00f3n Unidad de Bienestar Social de la Regi\u00f3n Triqui (Ubisort), quienes bloquearon los torniquetes de acceso al inmueble ubicado en Tlalixtac de Cabrera.<\/p>\n\n\n\n<figure class=\"wp-block-embed is-type-rich is-provider-twitter wp-block-embed-twitter\"><div class=\"wp-block-embed__wrapper\">\n<div class=\"twitter-tweet\"><blockquote class=\"twitter-tweet\" data-lang=\"es\"><p lang=\"es\" dir=\"ltr\"><a href=\"https:\/\/twitter.com\/hashtag\/%C3%9AltimoMinuto?src=hash&amp;ref_src=twsrc%5Etfw\">#\u00daltimoMinuto<\/a> <br>1. Tras la determinaci\u00f3n del <a href=\"https:\/\/twitter.com\/CongresoOaxaca_?ref_src=twsrc%5Etfw\">@CongresoOaxaca_<\/a>, el mi\u00e9rcoles, integrantes de la Red de Mujeres para una vida Libre de Violencia (@red_remuvi_oax) protestan contra la reforma de paridad en elecciones por Sistema Normativo Ind\u00edgena. <a href=\"https:\/\/t.co\/C0lJW7MyXz\">pic.twitter.com\/C0lJW7MyXz<\/a><\/p>&mdash; Zona Roja Oaxaca (@ZonaRoja_Oaxaca) <a href=\"https:\/\/twitter.com\/ZonaRoja_Oaxaca\/status\/1575885757427785731?ref_src=twsrc%5Etfw\">30 de septiembre de 2022<\/a><\/blockquote><\/div>\n<\/div><\/figure>\n\n\n\n<p>Por otra parte, tambi\u00e9n en Valles Centrales, habitantes del municipio de Santa Cruz Amilpas se manifestaron contra su presidente Christian Baruch, para denunciar la falta de obras en la colonia Segunda Ampliaci\u00f3n, donde no se han priorizado acciones, por lo que exigen atenci\u00f3n a los ciudadanos de esta zona del municipio.<\/p>\n\n\n\n<p>Ante la falta de atenci\u00f3n de la Segego, la organizaci\u00f3n Frente Ind\u00edgena de los Pueblos Olvidados de Oaxaca (FIPOO) anunci\u00f3 el inicio de movilizaciones estatales el 3 de octubre.<\/p>\n\n\n\n<p>Comenzar\u00e1n con presencia en la caseta de Huitzo, sobre la carretera federal 190, centro de la capital oaxaque\u00f1a y Ciudad Administrativa.<\/p>\n\n\n\n<p>Responsabilizan tambi\u00e9n a la Coordinaci\u00f3n General del Comit\u00e9 Estatal de Planeaci\u00f3n para el Desarrollo de Oaxaca (Coplade) y a la Secretar\u00eda de Fianzas de no otorgar respuestas favorables a sus demandas.&nbsp;<\/p>\n\n\n\n<p>Mientras que en el interior del palacio municipal, un grupo de jubilados protest\u00f3 ante el edil Francisco Mart\u00ednez Neri, para exigir se integre a su salario los incrementos anuales, as\u00ed como respeto a las prestaciones a que tienen derecho.<\/p>\n\n\n\n<p>En la sede del Congreso del Estado de Oaxaca, en San Raymundo Jalpan, se manifest\u00f3 una representaci\u00f3n de la Red de Mujeres contra la Violencia, por la aprobaci\u00f3n de reformas que significan un retraso en la paridad para los pueblos y comunidades ind\u00edgenas.<\/p>\n\n\n\n<p>Y en el exterior de la sede militar en Huatulco, tambi\u00e9n hubo decenas de manifestantes, entre pescadores, ganaderos, damnificados por sismos y lluvias, as\u00ed como autoridades auxiliares, que exig\u00edan una audiencia con L\u00f3pez Obrador para exponerle m\u00faltiples incumplimientos. <\/p>\n","protected":false},"excerpt":{"rendered":"<p>Yuridiana Sosa\/Zona Roja. Oaxaca de Ju\u00e1rez, Oax., a 30 de septiembre de 2022.- M\u00faltiples protestas&hellip;<\/p>\n","protected":false},"author":2,"featured_media":46386,"comment_status":"closed","ping_status":"open","sticky":false,"template":"","format":"standard","meta":{"_lmt_disableupdate":"","_lmt_disable":"","_jetpack_memberships_contains_paid_content":false,"footnotes":""},"categories":[109,47],"tags":[2264],"class_list":["post-46385","post","type-post","status-publish","format-standard","has-post-thumbnail","hentry","category-minuto-a-minuto","category-zona-gris","tag-bloqueos-y-protestas-oaxaca"],"jetpack_featured_media_url":"https:\/\/zonaroja.com.mx\/wp-content\/uploads\/2022\/09\/Bloqueo-Istmo-Oaxaca.jpeg","jetpack_sharing_enabled":true,"_links":{"self":[{"href":"https:\/\/zonaroja.com.mx\/index.php?rest_route=\/wp\/v2\/posts\/46385","targetHints":{"allow":["GET"]}}],"collection":[{"href":"https:\/\/zonaroja.com.mx\/index.php?rest_route=\/wp\/v2\/posts"}],"about":[{"href":"https:\/\/zonaroja.com.mx\/index.php?rest_route=\/wp\/v2\/types\/post"}],"author":[{"embeddable":true,"href":"https:\/\/zonaroja.com.mx\/index.php?rest_route=\/wp\/v2\/users\/2"}],"replies":[{"embeddable":true,"href":"https:\/\/zonaroja.com.mx\/index.php?rest_route=%2Fwp%2Fv2%2Fcomments&post=46385"}],"version-history":[{"count":2,"href":"https:\/\/zonaroja.com.mx\/index.php?rest_route=\/wp\/v2\/posts\/46385\/revisions"}],"predecessor-version":[{"id":46391,"href":"https:\/\/zonaroja.com.mx\/index.php?rest_route=\/wp\/v2\/posts\/46385\/revisions\/46391"}],"wp:featuredmedia":[{"embeddable":true,"href":"https:\/\/zonaroja.com.mx\/index.php?rest_route=\/wp\/v2\/media\/46386"}],"wp:attachment":[{"href":"https:\/\/zonaroja.com.mx\/index.php?rest_route=%2Fwp%2Fv2%2Fmedia&parent=46385"}],"wp:term":[{"taxonomy":"category","embeddable":true,"href":"https:\/\/zonaroja.com.mx\/index.php?rest_route=%2Fwp%2Fv2%2Fcategories&post=46385"},{"taxonomy":"post_tag","embeddable":true,"href":"https:\/\/zonaroja.com.mx\/index.php?rest_route=%2Fwp%2Fv2%2Ftags&post=46385"}],"curies":[{"name":"wp","href":"https:\/\/api.w.org\/{rel}","templated":true}]}}