{"id":46388,"date":"2022-09-30T18:03:08","date_gmt":"2022-09-30T23:03:08","guid":{"rendered":"http:\/\/www.zonaroja.com.mx\/?p=46388"},"modified":"2022-09-30T18:03:10","modified_gmt":"2022-09-30T23:03:10","slug":"busca-culpables-gobierno-de-martinez-neri-y-no-solucion-a-tiradero-en-atoyac","status":"publish","type":"post","link":"https:\/\/zonaroja.com.mx\/?p=46388","title":{"rendered":"Busca culpables gobierno de Mart\u00ednez Neri y no soluci\u00f3n a \u201ctiradero\u201d en \u201cAtoyac\u201d"},"content":{"rendered":"\n<p>Yuridiana Sosa\/Zona Roja.<\/p>\n\n\n\n<p>Oaxaca de Ju\u00e1rez, Oax., a 30 de septiembre de 2022.- A poco m\u00e1s de una semana de cierre definitivo del basurero municipal en Villa de Zaachila, al tiempo que crece el tiradero a cielo abierto en la ribera del r\u00edo \u201cAtoyac\u201d, el gobierno de Oaxaca de Ju\u00e1rez se enfoca en culpar a la Profepa de no aplicar sanciones contra los infractores en la zona contaminada.<\/p>\n\n\n\n<p>Desde inicios del mes de agosto, tras la prohibici\u00f3n del ingreso de recolectores particulares al basurero, este sector de afiliados a la CATEM comenz\u00f3 a depositar sus desechos en ese sitio, sin que hasta la fecha la autoridad municipal de Oaxaca de Ju\u00e1rez obtenga una soluci\u00f3n al creciente problema, pero del cual, busca que la autoridad federal aplique sanciones a los ciudadanos infractores.<\/p>\n\n\n\n<p>El Consejero Jur\u00eddico del ayuntamiento capitalino, Dagoberto Carre\u00f1o&nbsp;Gopar, inform\u00f3 que el pasado 1 de septiembre, la Procuradur\u00eda Federal de Protecci\u00f3n al Ambiente (Profepa) implement\u00f3 una inspecci\u00f3n, pero en el \u00e1rea equivocada, lo cual impidi\u00f3 se\u00f1alamientos sobre presuntos responsables.<\/p>\n\n\n\n<p>Para el gobierno municipal, la Profepa actu\u00f3 con dolo contra la autoridad de Oaxaca de Ju\u00e1rez, pues en lugar de buscar a los ciudadanos que tiran la basura de manera ilegal en el play\u00f3n del r\u00edo \u201cAtoyac\u201d, frente a Central de Abasto, se fue contra el municipio, otorg\u00e1ndole la responsabilidad de recoger los desechos, apunt\u00f3 el Consejero Jur\u00eddico.<\/p>\n\n\n\n<p>De acuerdo a Carre\u00f1o Gopar, la Profepa \u2013con propios datos de la dependencia federal- realiz\u00f3 el recorrido en coordenadas que no correspond\u00edan al lugar donde se ha creado el tiradero, por lo que la supervisi\u00f3n la realiz\u00f3 en un punto en inmediaciones del puente Valerio Trujano, donde no se registra dicho problema sanitario.<\/p>\n\n\n\n<p>Agreg\u00f3 que las mismas autoridades municipales les aclararon que esa no era la zona da\u00f1ada, pero los servidores p\u00fablicos de la Profepa ignoraron el aviso.<\/p>\n\n\n\n<p>\u201cA pesar de tener las facultades necesarias para determinar infracciones en las que puede incurrir un ciudadano al contaminar el medio ambiente no hizo no hizo la inspecci\u00f3n para buscar a los ciudadanos que tiran la basura de manera ilegal en este sitio y lo hizo viendo contra el municipio\u201d, asever\u00f3 el funcionario.<\/p>\n\n\n\n<p>A casi un mes de esos hechos, hasta ahora tampoco el ayuntamiento de Oaxaca de Ju\u00e1rez ha realizado acciones para terminar con el tiradero p\u00fablico e ilegal. En tanto, el 8 de octubre vence el plazo para que el municipio de Oaxaca a trav\u00e9s del ayuntamiento pueda depositar sus desechos en el basurero de Zaachila.&nbsp;<\/p>\n","protected":false},"excerpt":{"rendered":"<p>Yuridiana Sosa\/Zona Roja. Oaxaca de Ju\u00e1rez, Oax., a 30 de septiembre de 2022.- A poco&hellip;<\/p>\n","protected":false},"author":2,"featured_media":46389,"comment_status":"closed","ping_status":"open","sticky":false,"template":"","format":"standard","meta":{"_lmt_disableupdate":"","_lmt_disable":"","_jetpack_memberships_contains_paid_content":false,"footnotes":""},"categories":[109,47],"tags":[148],"class_list":["post-46388","post","type-post","status-publish","format-standard","has-post-thumbnail","hentry","category-minuto-a-minuto","category-zona-gris","tag-oaxaca-de-juarez"],"jetpack_featured_media_url":"https:\/\/zonaroja.com.mx\/wp-content\/uploads\/2022\/09\/Basura-CATEM-rio-Atoyac-ribera.jpg","jetpack_sharing_enabled":true,"_links":{"self":[{"href":"https:\/\/zonaroja.com.mx\/index.php?rest_route=\/wp\/v2\/posts\/46388","targetHints":{"allow":["GET"]}}],"collection":[{"href":"https:\/\/zonaroja.com.mx\/index.php?rest_route=\/wp\/v2\/posts"}],"about":[{"href":"https:\/\/zonaroja.com.mx\/index.php?rest_route=\/wp\/v2\/types\/post"}],"author":[{"embeddable":true,"href":"https:\/\/zonaroja.com.mx\/index.php?rest_route=\/wp\/v2\/users\/2"}],"replies":[{"embeddable":true,"href":"https:\/\/zonaroja.com.mx\/index.php?rest_route=%2Fwp%2Fv2%2Fcomments&post=46388"}],"version-history":[{"count":1,"href":"https:\/\/zonaroja.com.mx\/index.php?rest_route=\/wp\/v2\/posts\/46388\/revisions"}],"predecessor-version":[{"id":46390,"href":"https:\/\/zonaroja.com.mx\/index.php?rest_route=\/wp\/v2\/posts\/46388\/revisions\/46390"}],"wp:featuredmedia":[{"embeddable":true,"href":"https:\/\/zonaroja.com.mx\/index.php?rest_route=\/wp\/v2\/media\/46389"}],"wp:attachment":[{"href":"https:\/\/zonaroja.com.mx\/index.php?rest_route=%2Fwp%2Fv2%2Fmedia&parent=46388"}],"wp:term":[{"taxonomy":"category","embeddable":true,"href":"https:\/\/zonaroja.com.mx\/index.php?rest_route=%2Fwp%2Fv2%2Fcategories&post=46388"},{"taxonomy":"post_tag","embeddable":true,"href":"https:\/\/zonaroja.com.mx\/index.php?rest_route=%2Fwp%2Fv2%2Ftags&post=46388"}],"curies":[{"name":"wp","href":"https:\/\/api.w.org\/{rel}","templated":true}]}}