{"id":46392,"date":"2022-09-30T21:34:00","date_gmt":"2022-10-01T02:34:00","guid":{"rendered":"http:\/\/www.zonaroja.com.mx\/?p=46392"},"modified":"2022-09-30T21:34:01","modified_gmt":"2022-10-01T02:34:01","slug":"hubo-relacion-entre-el-ejercito-y-el-crimen-en-desaparicion-de-los-43-giei","status":"publish","type":"post","link":"https:\/\/zonaroja.com.mx\/?p=46392","title":{"rendered":"Hubo relaci\u00f3n entre el Ej\u00e9rcito y el crimen en desaparici\u00f3n de los 43: GIEI"},"content":{"rendered":"\n<p>Redacci\u00f3n\/Zona Roja Cdmx.<\/p>\n\n\n\n<p>Ciudad de M\u00e9xico, a 30 de septiembre de 2022.- El Grupo Interdisciplinario de Expertos Independientes (GIEI) subray\u00f3 este jueves que hay informaci\u00f3n que confirma la relaci\u00f3n entre el Ej\u00e9rcito y miembros del crimen organizado en la desaparici\u00f3n de los 43 normalistas as\u00ed como la intromisi\u00f3n de la Fiscal\u00eda General de la Rep\u00fablica (FGR) en las investigaciones para el esclarecimiento del hecho.<\/p>\n\n\n\n<p>\u201cDesde un inicio (cuando se conform\u00f3 la Unidad Especial de Investigaci\u00f3n y Litigaci\u00f3n para el Caso Ayotzinapa por parte de la FGR) observamos y documentamos, en el informe del GIEI, que hubo obst\u00e1culos iniciales para el cumplimiento del mandato de esta Unidad de Investigaci\u00f3n\u201d, sostuvo el experto Francisco Cox.<\/p>\n\n\n\n<p>Adem\u00e1s,&nbsp;sugiri\u00f3 investigar la participaci\u00f3n de la Secretar\u00eda de Marina (Semar) en la desaparici\u00f3n de los estudiantes la noche del 26 de septiembre de 2014, pues hay evidencia que sugiere que la corporaci\u00f3n tambi\u00e9n manten\u00eda comunicaci\u00f3n con grupos delincuenciales.<\/p>\n\n\n\n<p>El \u00f3rgano emanado de la Comisi\u00f3n Interamericana de Derechos Humanos es una de las pocas instituciones, junto con la CoVAJ que preside el subsecretario de Gobernaci\u00f3n, Alejandro Encinas, y la Unidad Especial de Investigaci\u00f3n y Litigaci\u00f3n para el Caso Ayotzinapa (UEILCA), que tiene la confianza expresa de los padres de los normalistas para investigar el hecho del que hasta ahora no ha derivado ninguna sentencia.<\/p>\n\n\n\n<p>La presentaci\u00f3n se da adem\u00e1s a dos d\u00edas de que se conoci\u00f3 que Omar G\u00f3mez Trejo present\u00f3 su renuncia a la UEILCA por diferencias en el manejo de las 83 \u00f3rdenes de aprehensi\u00f3n giradas contra presuntos implicados en la desaparici\u00f3n de los j\u00f3venes, de las cuales 21 fueron retiradas recientemente por \u00f3rdenes de FGR; 16 de ellas contra mandos y elementos militares.<\/p>\n\n\n\n<p>Sobre esto, expuso el GIEI, la intervenci\u00f3n en las labores de la UEILCA se dio a partir del 16 de agosto, antes de la presentaci\u00f3n del informe de la CoVAJ y de la captura del exprocurador General de la Rep\u00fablica, Jes\u00fas Murillo Karam, en su casa de las Lomas de Chapultepec por los delitos de desaparici\u00f3n forzada, tortura y contra la administraci\u00f3n de la justicia.<\/p>\n\n\n\n<p>De acuerdo con los cuatro integrantes del GIEI, elementos de la extinta SEIDO le quit\u00f3 a la Unidad Especial de Investigaci\u00f3n y Litigaci\u00f3n para el Caso Ayotzinapa las carpetas de investigaci\u00f3n que arm\u00f3 en los \u00faltimos dos a\u00f1os y medio que estuvo al frente del caso.<\/p>\n\n\n\n<p>\u201cSe ha llegado, el 19 de agosto, por personal de la antigua SEIDO y por personal de visitadur\u00eda, a despojar de las carpetas a los fiscales especiales de la UEILCA (\u2026) algo que en nuestro criterio no est\u00e1n permitidas y no son l\u00f3gicas frente a unidad que lleva tres a\u00f1os trabajando en algo y que de la noche a la ma\u00f1ana quitan al fiscal del caso y ponen a un fiscal que ni siquiera conoce el asunto\u201d, acus\u00f3 Angela Mar\u00eda Buitrago, integrante del GIEI.<\/p>\n\n\n\n<p>Lo anterior, en referencia a lo ocurrido durante la primera audiencia a la que fue sometido el exprocurador Murillo Karam, en la que el juez de control del Reclusorio Norte rega\u00f1\u00f3 a la parte acusatoria de no saber los pormenores del caso.<\/p>\n\n\n\n<p>Al respecto, pese a que desde su punto de vista el Gobierno encabezado por Andr\u00e9s Manuel L\u00f3pez Obrador s\u00ed tiene la voluntad de esclarecer lo sucedido hace ya m\u00e1s de ocho a\u00f1os, se\u00f1alan que la actuaci\u00f3n de la FGR ha emulado las peores pr\u00e1cticas de la entonces Procuradur\u00eda bajo el mando del propio Murillo Karam.<\/p>\n\n\n\n<p>(Informaci\u00f3n de \u201cEl Sol de M\u00e9xico\u201d)<\/p>\n","protected":false},"excerpt":{"rendered":"<p>Redacci\u00f3n\/Zona Roja Cdmx. Ciudad de M\u00e9xico, a 30 de septiembre de 2022.- El Grupo Interdisciplinario&hellip;<\/p>\n","protected":false},"author":2,"featured_media":46393,"comment_status":"closed","ping_status":"open","sticky":false,"template":"","format":"standard","meta":{"_lmt_disableupdate":"","_lmt_disable":"","_jetpack_memberships_contains_paid_content":false,"footnotes":""},"categories":[109,47],"tags":[823],"class_list":["post-46392","post","type-post","status-publish","format-standard","has-post-thumbnail","hentry","category-minuto-a-minuto","category-zona-gris","tag-desaparecidos-ayotzinapa-guerrero"],"jetpack_featured_media_url":"https:\/\/zonaroja.com.mx\/wp-content\/uploads\/2022\/09\/GIEI-caso-Ayotzinapa.jpeg","jetpack_sharing_enabled":true,"_links":{"self":[{"href":"https:\/\/zonaroja.com.mx\/index.php?rest_route=\/wp\/v2\/posts\/46392","targetHints":{"allow":["GET"]}}],"collection":[{"href":"https:\/\/zonaroja.com.mx\/index.php?rest_route=\/wp\/v2\/posts"}],"about":[{"href":"https:\/\/zonaroja.com.mx\/index.php?rest_route=\/wp\/v2\/types\/post"}],"author":[{"embeddable":true,"href":"https:\/\/zonaroja.com.mx\/index.php?rest_route=\/wp\/v2\/users\/2"}],"replies":[{"embeddable":true,"href":"https:\/\/zonaroja.com.mx\/index.php?rest_route=%2Fwp%2Fv2%2Fcomments&post=46392"}],"version-history":[{"count":1,"href":"https:\/\/zonaroja.com.mx\/index.php?rest_route=\/wp\/v2\/posts\/46392\/revisions"}],"predecessor-version":[{"id":46394,"href":"https:\/\/zonaroja.com.mx\/index.php?rest_route=\/wp\/v2\/posts\/46392\/revisions\/46394"}],"wp:featuredmedia":[{"embeddable":true,"href":"https:\/\/zonaroja.com.mx\/index.php?rest_route=\/wp\/v2\/media\/46393"}],"wp:attachment":[{"href":"https:\/\/zonaroja.com.mx\/index.php?rest_route=%2Fwp%2Fv2%2Fmedia&parent=46392"}],"wp:term":[{"taxonomy":"category","embeddable":true,"href":"https:\/\/zonaroja.com.mx\/index.php?rest_route=%2Fwp%2Fv2%2Fcategories&post=46392"},{"taxonomy":"post_tag","embeddable":true,"href":"https:\/\/zonaroja.com.mx\/index.php?rest_route=%2Fwp%2Fv2%2Ftags&post=46392"}],"curies":[{"name":"wp","href":"https:\/\/api.w.org\/{rel}","templated":true}]}}