{"id":46398,"date":"2022-09-30T22:34:02","date_gmt":"2022-10-01T03:34:02","guid":{"rendered":"http:\/\/www.zonaroja.com.mx\/?p=46398"},"modified":"2022-09-30T22:34:03","modified_gmt":"2022-10-01T03:34:03","slug":"asesinan-a-individuo-en-su-local-comercian-el-tuxtepec","status":"publish","type":"post","link":"https:\/\/zonaroja.com.mx\/?p=46398","title":{"rendered":"Asesinan a individuo en su local comercian el Tuxtepec"},"content":{"rendered":"\n<p>Ismael Garc\u00eda M.\/Zona Roja.<\/p>\n\n\n\n<p>Oaxaca de Ju\u00e1rez, Oax., a 30 de septiembre de 2022.- Un comerciante fue asesinado en el interior de su local, en la ciudad de San Juan Bautista Tuxtepec.<\/p>\n\n\n\n<p>El crimen se registr\u00f3 la ma\u00f1ana de este viernes en la tienda de abarrotes \u201cS\u00faper Moreno\u201d ubicada en la calle Aldama de la colonia L\u00e1zaro C\u00e1rdenas, en el centro de dicho municipio ubicado en la regi\u00f3n de la Cuenca.<\/p>\n\n\n\n<p>La v\u00edctima identificada como Marcelo M. D., de 56 a\u00f1os de edad, se hall\u00f3 con varias lesiones, sin precisar a\u00fan de qu\u00e9 tipo, y en un charco de sangre.<\/p>\n\n\n\n<p>Personal de la Vicefiscal\u00eda Regional de la Cuenca inici\u00f3 la Carpeta de Investigaci\u00f3n correspondiente.<\/p>\n\n\n\n<p>M\u00c1S ATAQUES<\/p>\n\n\n\n<p>Por otra parte, ayer por la tarde sujetos desconocidos incendiaron dos veh\u00edculos de motor en el municipio de Mat\u00edas Romero, propiedad de Dennis Barrera, director de Servicios Municipales del ayuntamiento.<\/p>\n\n\n\n<p>Se trata de una unidad tipo Suburban y otra camioneta marca Nissan, estacionadas una en la calle Ju\u00e1rez y otra en la calle Iturbide de la colonia Benito Ju\u00e1rez.<\/p>\n\n\n\n<p>Hasta el momento no se han revelado las causas del siniestro en dichas unidades de motor.<\/p>\n\n\n\n<p>BALAZOS EN VIVIENDA<\/p>\n\n\n\n<p>Tambi\u00e9n ayer pero en un domicilio de la calle Vicente Guerrero de la colonia Adolfo C. Gurri\u00f3n, en Juchit\u00e1n de Zaragoza, se registr\u00f3 un ataque armado, sin que hubiera v\u00edctimas.<\/p>\n\n\n\n<p>Los propietarios de la vivienda reportaron las detonaciones de arma de fuego contra la fachada de la vivienda, por parte de dos sujetos que viajaban en una motocicleta.<\/p>\n\n\n\n<p>Hasta ahora tampoco se tienen m\u00e1s detalles del ataque armado.<\/p>\n","protected":false},"excerpt":{"rendered":"<p>Ismael Garc\u00eda M.\/Zona Roja. Oaxaca de Ju\u00e1rez, Oax., a 30 de septiembre de 2022.- Un&hellip;<\/p>\n","protected":false},"author":2,"featured_media":46399,"comment_status":"closed","ping_status":"open","sticky":false,"template":"","format":"standard","meta":{"_lmt_disableupdate":"","_lmt_disable":"","_jetpack_memberships_contains_paid_content":false,"footnotes":""},"categories":[109,51],"tags":[118],"class_list":["post-46398","post","type-post","status-publish","format-standard","has-post-thumbnail","hentry","category-minuto-a-minuto","category-zona-roja","tag-san-juan-bautista-tuxtepec"],"jetpack_featured_media_url":"https:\/\/zonaroja.com.mx\/wp-content\/uploads\/2022\/09\/Asesinado-individuo-Tuxtepec.jpg","jetpack_sharing_enabled":true,"_links":{"self":[{"href":"https:\/\/zonaroja.com.mx\/index.php?rest_route=\/wp\/v2\/posts\/46398","targetHints":{"allow":["GET"]}}],"collection":[{"href":"https:\/\/zonaroja.com.mx\/index.php?rest_route=\/wp\/v2\/posts"}],"about":[{"href":"https:\/\/zonaroja.com.mx\/index.php?rest_route=\/wp\/v2\/types\/post"}],"author":[{"embeddable":true,"href":"https:\/\/zonaroja.com.mx\/index.php?rest_route=\/wp\/v2\/users\/2"}],"replies":[{"embeddable":true,"href":"https:\/\/zonaroja.com.mx\/index.php?rest_route=%2Fwp%2Fv2%2Fcomments&post=46398"}],"version-history":[{"count":1,"href":"https:\/\/zonaroja.com.mx\/index.php?rest_route=\/wp\/v2\/posts\/46398\/revisions"}],"predecessor-version":[{"id":46400,"href":"https:\/\/zonaroja.com.mx\/index.php?rest_route=\/wp\/v2\/posts\/46398\/revisions\/46400"}],"wp:featuredmedia":[{"embeddable":true,"href":"https:\/\/zonaroja.com.mx\/index.php?rest_route=\/wp\/v2\/media\/46399"}],"wp:attachment":[{"href":"https:\/\/zonaroja.com.mx\/index.php?rest_route=%2Fwp%2Fv2%2Fmedia&parent=46398"}],"wp:term":[{"taxonomy":"category","embeddable":true,"href":"https:\/\/zonaroja.com.mx\/index.php?rest_route=%2Fwp%2Fv2%2Fcategories&post=46398"},{"taxonomy":"post_tag","embeddable":true,"href":"https:\/\/zonaroja.com.mx\/index.php?rest_route=%2Fwp%2Fv2%2Ftags&post=46398"}],"curies":[{"name":"wp","href":"https:\/\/api.w.org\/{rel}","templated":true}]}}