{"id":46409,"date":"2022-10-01T09:28:00","date_gmt":"2022-10-01T14:28:00","guid":{"rendered":"http:\/\/www.zonaroja.com.mx\/?p=46409"},"modified":"2022-10-01T07:31:57","modified_gmt":"2022-10-01T12:31:57","slug":"mayoria-de-ong-de-oaxaca-acusa-a-diputados-de-morena-pt-y-pvem-de-retroceso","status":"publish","type":"post","link":"https:\/\/zonaroja.com.mx\/?p=46409","title":{"rendered":"Mayor\u00eda de ONG de Oaxaca acusa a diputados de Morena, PT y PVEM de retroceso"},"content":{"rendered":"\n<p>Ismael Garc\u00eda M.\/Zona Roja.<\/p>\n\n\n\n<p>Oaxaca de Ju\u00e1rez, Oax., a 1 de octubre de 2022.- La mayor\u00eda de organizaciones no gubernamentales de Oaxaca acusaron a los diputados de Morena, el PT y Partido Verde de generar retrocesos a los derechos pol\u00edticos de las mujeres.<\/p>\n\n\n\n<p>Lo anterior en referencia a la reforma aprobada el pasado mi\u00e9rcoles por el Congreso del Estado, en que retrasan la aplicaci\u00f3n de la paridad en comunidades que se rigen por Sistemas Normativos Ind\u00edgenas.<\/p>\n\n\n\n<p>\u201cSomos mujeres ind\u00edgenas, autoridades, lideresas comunitarias, mujeres organizadas, que hemos generado y participado desde hace mucho tiempo en procesos de fortalecimiento de nuestros derechos como mujeres ind\u00edgenas y en general como mujeres\u201d, se\u00f1alaron, en el pronunciamiento que emitieron este viernes.<\/p>\n\n\n\n<p>Recriminaron la aprobaci\u00f3n a la modificaci\u00f3n del Transitorio Tercero del Decreto 1511, aprobado por mayor\u00eda de legisladores, al frenar el cumplimiento de la paridad en municipios que se rigen por Sistemas Normativos Ind\u00edgenas, al establecer ahora que \u00e9sta sea de manera \u201cgradual\u201d e indefinida.<\/p>\n\n\n\n<p>\u201cEsta reforma, representa una violaci\u00f3n a los derechos humanos de las mujeres ind\u00edgenas e implica un retroceso a los espacios ya ganados. Esta modificaci\u00f3n a la ley, no reducir\u00e1 la violencia, menos generar\u00e1 cambios estructurales a favor de las mujeres.<\/p>\n\n\n\n<p>\u201cEs falso el \u2018discurso\u2019 que la paridad atenta contra la autonom\u00eda y libre determinaci\u00f3n de los pueblos, detr\u00e1s de este discurso se sigue impidiendo la participaci\u00f3n de las mujeres, diferentes municipios con sistemas de cargos han mostrado que s\u00ed se pueden ejercer estos dos derechos en armon\u00eda.<\/p>\n\n\n\n<p>\u201cLa comunidad y comunalidad se fortalece con la participaci\u00f3n de las mujeres en los espacios de toma de decisi\u00f3n, en las mismas condiciones que los hombres. El sistema de cargos y\/o escalaf\u00f3n si puede valorar el aporte de las mujeres a la comunidad.<\/p>\n\n\n\n<p>\u201cEl Congreso de Oaxaca, las servidoras y servidores p\u00fablicos deben analizar la situaci\u00f3n estructural que enfrentan las mujeres ind\u00edgenas desde una perspectiva intercultural y de g\u00e9nero, generando leyes, pol\u00edticas p\u00fablicas y presupuesto que materialice y garantice el ejercicio de los derechos de las mujeres ind\u00edgenas, entre ellos los pol\u00edticos-electorales\u201d, se\u00f1alaron.<\/p>\n\n\n\n<p>Condenaron adem\u00e1s que las diputadas que fijaron postura para defender esta reforma \u201cretrograda\u201d lo hagan \u201cdesde un discurso racista y clasista, que nos consideren como mujeres incapaces, ya que seg\u00fan ellas las mujeres que somos autoridades en nuestras comunidades, no tenemos \u2018capacidad de decisi\u00f3n\u2019, pues s\u00f3lo obedecemos lo que nos dicen los \u2018asesores\u2019 o porque no nos dejan participar en las asamblea, nos siguen mirando como personas incapaces, como si necesitamos tutelaje y protecci\u00f3n especial, es la misma mirada colonialista que no se termina de erradicar\u201d.<\/p>\n\n\n\n<p>Demandaron respeto las mujeres ind\u00edgenas, pues \u201cno somos incapaces, necesitamos que se garanticen nuestros derechos, no que se nos resten\u201d.<\/p>\n\n\n\n<p>Exigieron que se garantice las acciones afirmativas de g\u00e9nero eliminando cualquier forma de discriminaci\u00f3n y exclusi\u00f3n hist\u00f3rica o estructural.<\/p>\n\n\n\n<p>\u201cExigimos al Ejecutivo (estatal), veto a esta reforma, no m\u00e1s simulaci\u00f3n, no m\u00e1s espera, no m\u00e1s discursos sin acciones concretas y efectivas\u201d, remarcaron.<\/p>\n\n\n\n<p>Entre las organizaciones que firman el pronunciamiento se encuentran la Red de Abogadas Ind\u00edgenas, cap\u00edtulo-Oaxaca; Red Nacional de Abogadas Ind\u00edgenas; Coordinadora Nacional de Mujeres Ind\u00edgenas; Centro para los Derechos de la Mujer Naaxwiin (regi\u00f3n Istmo).<\/p>\n\n\n\n<p>Mano Amiga de la Costa Chica; Luna del Sur A.C., Colectivo Mujeres Mazatecas que miran a favor de la Tierra; Organizaciones Indias por los Derechos Humanos en Oaxaca (OIDHO); Consorcio para el Di\u00e1logo Parlamentario y la Equidad Oaxaca; Colectivo Chicatanas<\/p>\n\n\n\n<p>Colectiva Jur\u00eddica por la Dignidad Disidente; Centro Universitario Huitepec; Grupo de Estudios sobre la Mujer Rosario Castellanos; Campo A.C.; Soror; Colectivo Mujer Nueva; Colectivas \u201cMujeres Lilas en Oaxaca\u201d, entre muchas otras, adem\u00e1s de particulares e incluso autoridades comunitarias.<\/p>\n","protected":false},"excerpt":{"rendered":"<p>Ismael Garc\u00eda M.\/Zona Roja. Oaxaca de Ju\u00e1rez, Oax., a 1 de octubre de 2022.- La&hellip;<\/p>\n","protected":false},"author":2,"featured_media":46403,"comment_status":"closed","ping_status":"open","sticky":false,"template":"","format":"standard","meta":{"_lmt_disableupdate":"","_lmt_disable":"","_jetpack_memberships_contains_paid_content":false,"footnotes":""},"categories":[109,47],"tags":[],"class_list":["post-46409","post","type-post","status-publish","format-standard","has-post-thumbnail","hentry","category-minuto-a-minuto","category-zona-gris"],"jetpack_featured_media_url":"https:\/\/zonaroja.com.mx\/wp-content\/uploads\/2022\/10\/Pronunciamiento-mujeres-paridad-Consorcio.jpg","jetpack_sharing_enabled":true,"_links":{"self":[{"href":"https:\/\/zonaroja.com.mx\/index.php?rest_route=\/wp\/v2\/posts\/46409","targetHints":{"allow":["GET"]}}],"collection":[{"href":"https:\/\/zonaroja.com.mx\/index.php?rest_route=\/wp\/v2\/posts"}],"about":[{"href":"https:\/\/zonaroja.com.mx\/index.php?rest_route=\/wp\/v2\/types\/post"}],"author":[{"embeddable":true,"href":"https:\/\/zonaroja.com.mx\/index.php?rest_route=\/wp\/v2\/users\/2"}],"replies":[{"embeddable":true,"href":"https:\/\/zonaroja.com.mx\/index.php?rest_route=%2Fwp%2Fv2%2Fcomments&post=46409"}],"version-history":[{"count":1,"href":"https:\/\/zonaroja.com.mx\/index.php?rest_route=\/wp\/v2\/posts\/46409\/revisions"}],"predecessor-version":[{"id":46410,"href":"https:\/\/zonaroja.com.mx\/index.php?rest_route=\/wp\/v2\/posts\/46409\/revisions\/46410"}],"wp:featuredmedia":[{"embeddable":true,"href":"https:\/\/zonaroja.com.mx\/index.php?rest_route=\/wp\/v2\/media\/46403"}],"wp:attachment":[{"href":"https:\/\/zonaroja.com.mx\/index.php?rest_route=%2Fwp%2Fv2%2Fmedia&parent=46409"}],"wp:term":[{"taxonomy":"category","embeddable":true,"href":"https:\/\/zonaroja.com.mx\/index.php?rest_route=%2Fwp%2Fv2%2Fcategories&post=46409"},{"taxonomy":"post_tag","embeddable":true,"href":"https:\/\/zonaroja.com.mx\/index.php?rest_route=%2Fwp%2Fv2%2Ftags&post=46409"}],"curies":[{"name":"wp","href":"https:\/\/api.w.org\/{rel}","templated":true}]}}