{"id":46411,"date":"2022-10-01T09:34:00","date_gmt":"2022-10-01T14:34:00","guid":{"rendered":"http:\/\/www.zonaroja.com.mx\/?p=46411"},"modified":"2022-10-01T07:35:30","modified_gmt":"2022-10-01T12:35:30","slug":"analizan-en-ieepco-tiempo-oficial-de-radio-y-tv-destinado-a-elecciones-en-comunidades","status":"publish","type":"post","link":"https:\/\/zonaroja.com.mx\/?p=46411","title":{"rendered":"Analizan en IEEPCO tiempo oficial de radio y tv destinado a elecciones en comunidades"},"content":{"rendered":"\n<p>Redacci\u00f3n\/Zona Roja.<\/p>\n\n\n\n<p>Oaxaca de Ju\u00e1rez, Oax., a 1 de octubre de 2022.- El Instituto Estatal Electoral y de Participaci\u00f3n Ciudadana de Oaxaca (IEEPCO) realiz\u00f3 el foro denominado \u201cAsignaci\u00f3n de tiempo oficial en radio y televisi\u00f3n para fortalecer la difusi\u00f3n de los derechos pol\u00edticos y electorales de las mujeres en los Sistemas Normativos Ind\u00edgenas\u201d, con la participaci\u00f3n de la consejera electoral del INE, Carla Astrid Humphrey Jordan. &nbsp;<\/p>\n\n\n\n<p>La actividad fue organizada por la Comisi\u00f3n de Igualdad de G\u00e9nero y No Discriminaci\u00f3n, presidida por la consejera electoral, Jessica Jazibe Hern\u00e1ndez Garc\u00eda, quien estuvo acompa\u00f1ada del consejero electoral, Wilfrido Lulio Almaraz Santib\u00e1\u00f1ez, integrante tambi\u00e9n de dicha comisi\u00f3n. &nbsp;<\/p>\n\n\n\n<p>Adem\u00e1s, cont\u00f3 con la participaci\u00f3n de la consejera presidenta del \u00f3rgano electoral local, Elizabeth S\u00e1nchez Gonz\u00e1lez; la representante de la asociaci\u00f3n civil Ojo de Agua Comunicaci\u00f3n, Clara Morales Rodr\u00edguez; as\u00ed como personal de las diversas \u00e1reas del Instituto. &nbsp;&nbsp;<\/p>\n\n\n\n<p>Durante su intervenci\u00f3n, la consejera presidenta del IEEPCO, Elizabeth S\u00e1nchez Gonz\u00e1lez, manifest\u00f3 que las comunidades y pueblos ind\u00edgenas tienen derecho a recibir informaci\u00f3n en sus propias lenguas y con enfoque intercultural, a trav\u00e9s de los diversos medios de comunicaci\u00f3n. &nbsp;&nbsp;<\/p>\n\n\n\n<p>De ah\u00ed que, en d\u00edas previos, se solicit\u00f3 al Consejo General del INE la asignaci\u00f3n de tiempo oficial en radio y televisi\u00f3n para difundir y promover los derechos pol\u00edticos de las mujeres en los Sistemas Normativos Ind\u00edgenas, acci\u00f3n que se consigui\u00f3 con el invaluable apoyo de consejeras aliadas como Carla Astrid Humphrey Jordan.&nbsp; &nbsp;<\/p>\n\n\n\n<p>S\u00e1nchez Gonz\u00e1lez tambi\u00e9n destac\u00f3 que las autoridades tienen la obligaci\u00f3n de garantizar los derechos humanos de las mujeres, sin embargo, dichos trabajos deben realizarse conforme a sus contextos a fin de que los mensajes les lleguen.&nbsp;<\/p>\n\n\n\n<p>\u201cDebemos buscar la manera de garantizar la difusi\u00f3n de los derechos pol\u00edticos de las mujeres de manera intercultural\u201d, concluy\u00f3. &nbsp;<\/p>\n\n\n\n<p>Mientras que la consejera electoral del INE, Carla Astrid Humphrey Jordan, reconoci\u00f3 que no exist\u00eda acceso a tiempo oficial de radio y televisi\u00f3n para elecciones por Sistemas Normativos Ind\u00edgenas, de ah\u00ed que calific\u00f3 como pertinente la solicitud desde la Presidencia del IEEPCO misma que dio como resultado un acuerdo hist\u00f3rico. &nbsp;<\/p>\n\n\n\n<p>Explic\u00f3 que la aprobaci\u00f3n del acuerdo INE\/CG423\/2022 genera un precedente en beneficio de otras entidades de la Rep\u00fablica que tienen municipios con sistemas normativos propios.&nbsp;<\/p>\n\n\n\n<p>As\u00ed mismo, Humphrey Jordan asegur\u00f3 que destinar tiempo oficial en radio y televisi\u00f3n al IEEPCO con la finalidad de difundir los derechos pol\u00edtico-electorales de las mujeres ind\u00edgenas y prevenir la violencia pol\u00edtica en su contra, permite que las radios comunitarias transmitan diversos mensajes al respecto, previo a los nombramientos de autoridades municipales. &nbsp;<\/p>\n\n\n\n<p>Por su parte, Clara Morales Rodr\u00edguez, representante de la asociaci\u00f3n civil Ojo Agua Comunicaci\u00f3n, asegur\u00f3 que los procesos comunicativos deben ser interculturales a fin de tomar en cuenta a las poblaciones que tienen otras formas de ver el mundo y, por tanto, recibir la informaci\u00f3n. &nbsp;<\/p>\n\n\n\n<p>Con su vasta experiencia, indic\u00f3 que es fundamental fortalecer procesos de comunicaci\u00f3n comunitaria que puedan ser difundidos de manera estrat\u00e9gica y diferencia en las zonas que as\u00ed lo requieren, a fin de contribuir en la transformaci\u00f3n social que se busca.&nbsp; &nbsp;<\/p>\n\n\n\n<p>Finalmente, y a modo de conclusi\u00f3n, la consejera electoral y presidenta de la Comisi\u00f3n de Igualdad de G\u00e9nero y No Discriminaci\u00f3n, Jessica Jazibe Hern\u00e1ndez Garc\u00eda, dijo que se ha iniciado una ruta de trabajo compartida y que existe la voluntad pol\u00edtica y de trabajo del Consejo General del \u00d3rgano Electoral para avanzar en los trabajos en materia de Sistemas Normativos Ind\u00edgenas.&nbsp;<\/p>\n","protected":false},"excerpt":{"rendered":"<p>Redacci\u00f3n\/Zona Roja. Oaxaca de Ju\u00e1rez, Oax., a 1 de octubre de 2022.- El Instituto Estatal&hellip;<\/p>\n","protected":false},"author":2,"featured_media":46402,"comment_status":"closed","ping_status":"open","sticky":false,"template":"","format":"standard","meta":{"_lmt_disableupdate":"","_lmt_disable":"","_jetpack_memberships_contains_paid_content":false,"footnotes":""},"categories":[109,46],"tags":[2932],"class_list":["post-46411","post","type-post","status-publish","format-standard","has-post-thumbnail","hentry","category-minuto-a-minuto","category-zona-blanca","tag-instituto-estatal-electoral-y-de-participacion-ciudadana-de-oaxaca-ieepco"],"jetpack_featured_media_url":"https:\/\/zonaroja.com.mx\/wp-content\/uploads\/2022\/10\/Reunion-con-consejera-INE-IEEPCO.jpeg","jetpack_sharing_enabled":true,"_links":{"self":[{"href":"https:\/\/zonaroja.com.mx\/index.php?rest_route=\/wp\/v2\/posts\/46411","targetHints":{"allow":["GET"]}}],"collection":[{"href":"https:\/\/zonaroja.com.mx\/index.php?rest_route=\/wp\/v2\/posts"}],"about":[{"href":"https:\/\/zonaroja.com.mx\/index.php?rest_route=\/wp\/v2\/types\/post"}],"author":[{"embeddable":true,"href":"https:\/\/zonaroja.com.mx\/index.php?rest_route=\/wp\/v2\/users\/2"}],"replies":[{"embeddable":true,"href":"https:\/\/zonaroja.com.mx\/index.php?rest_route=%2Fwp%2Fv2%2Fcomments&post=46411"}],"version-history":[{"count":1,"href":"https:\/\/zonaroja.com.mx\/index.php?rest_route=\/wp\/v2\/posts\/46411\/revisions"}],"predecessor-version":[{"id":46412,"href":"https:\/\/zonaroja.com.mx\/index.php?rest_route=\/wp\/v2\/posts\/46411\/revisions\/46412"}],"wp:featuredmedia":[{"embeddable":true,"href":"https:\/\/zonaroja.com.mx\/index.php?rest_route=\/wp\/v2\/media\/46402"}],"wp:attachment":[{"href":"https:\/\/zonaroja.com.mx\/index.php?rest_route=%2Fwp%2Fv2%2Fmedia&parent=46411"}],"wp:term":[{"taxonomy":"category","embeddable":true,"href":"https:\/\/zonaroja.com.mx\/index.php?rest_route=%2Fwp%2Fv2%2Fcategories&post=46411"},{"taxonomy":"post_tag","embeddable":true,"href":"https:\/\/zonaroja.com.mx\/index.php?rest_route=%2Fwp%2Fv2%2Ftags&post=46411"}],"curies":[{"name":"wp","href":"https:\/\/api.w.org\/{rel}","templated":true}]}}