{"id":46420,"date":"2022-10-01T14:20:05","date_gmt":"2022-10-01T19:20:05","guid":{"rendered":"http:\/\/www.zonaroja.com.mx\/?p=46420"},"modified":"2022-10-01T14:21:42","modified_gmt":"2022-10-01T19:21:42","slug":"demandan-detencion-de-mas-policias-por-muerte-de-abigail-en-salina-cruz","status":"publish","type":"post","link":"https:\/\/zonaroja.com.mx\/?p=46420","title":{"rendered":"Demandan detenci\u00f3n de m\u00e1s polic\u00edas por muerte de Abigail; padre se re\u00fane con AMLO"},"content":{"rendered":"\n<p>Yuridiana Sosa\/ Zona Roja<\/p>\n\n\n\n<p>Oaxaca de Ju\u00e1rez, Oax., a 1 de octubre de 2022.- Familiares de Abigail H. U., v\u00edctima de presunto feminicidio en la c\u00e1rcel de Salina Cruz, demandan la detenci\u00f3n de cuatro elementos femeninos de la polic\u00eda municipal que participaron en la golpiza a la joven, previo a ser detenida.&nbsp;<\/p>\n\n\n\n<p>De acuerdo con un video publicado esta semana, y que ya se encuentra en poder de la Fiscal\u00eda General de Oaxaca, las uniformadas agredieron f\u00edsicamente a Abigail antes de encerrarla en su celda, donde fue localizada minutos despu\u00e9s sin vida el 19 de agosto.<\/p>\n\n\n\n<p>Los elementos policiales ya fueron a rendir su declaraci\u00f3n, pero siguen libres y laborando de manera normal, asegur\u00f3 a ZONA ROJA la hermana de la v\u00edctima, Araceli Hay Urrutia.&nbsp;<\/p>\n\n\n\n<p>Padres y hermanas de Abigail no comprenden por qu\u00e9 las polic\u00edas no han sido detenidas, por lo que este s\u00e1bado, a 42 d\u00edas del lamentable hecho, realizar\u00e1n una marcha en Salina Cruz para exigir que se apliquen acciones contra las responsables de la agresi\u00f3n de la joven.<\/p>\n\n\n\n<p>La saxofonista Mar\u00eda Elena R\u00edos public\u00f3 un video en redes sociales con los nombres de las elementos involucradas. Las agresoras principales que se ven en el video son Roxana Flores Quiroz, comandante de guardia con siete a\u00f1os de antig\u00fcedad y Yahaira M\u00e9ndez con cuatro a\u00f1os de labor; se suman en el acto Abelina, con 15 a\u00f1os de antig\u00fcedad y Nayeli Cruz L\u00f3pez, con cuatro a\u00f1os.<\/p>\n\n\n\n<p>IRREGULARIDADES EN TODO<\/p>\n\n\n\n<p>en entrevista telef\u00f3nica, la familia de Abigail rechaza los datos asentados en el acta de defunci\u00f3n en la que se omite describir de manera directa que muri\u00f3 en el interior de los separas municipales.&nbsp;<\/p>\n\n\n\n<p>Aracely apunt\u00f3 que a pesar del cambio que se exigi\u00f3 para eliminar \u201cv\u00eda p\u00fablica\u201d como lugar donde hab\u00eda fallecido, el dato s\u00f3lo se cambi\u00f3 a \u201cotro lugar\u201d y se escribi\u00f3 la direcci\u00f3n donde se ubica la comandancia, pero no se describi\u00f3 qu\u00e9 tipo de inmueble. Refiere que las autoridades les indicaron que por ley no se puede involucrar el nombre de una dependencia de gobierno.&nbsp;<\/p>\n\n\n\n<p>La causa de muerte se qued\u00f3 como asfixia por ahorcamiento, sin embargo, sobre su cuello ten\u00eda una marca de un objeto que la rode\u00f3 y que terminaba en la parte de enfrente en forma de cruz y cent\u00edmetros arriba rasgu\u00f1os en el cuello \u201ccomo si Abigail hubiera tratado de quitarse algo\u201d, y en piernas y brazos los golpes eran m\u00faltiples, indic\u00f3 Aracely.<\/p>\n\n\n\n<p>Sin embargo, lograron tener acceso al cuerpo de Abigail hasta que ya se encontraba embalsamado, pues las autoridades no dieron lugar previamente al reconocimiento del cuerpo.&nbsp;<\/p>\n\n\n\n<p>PIDEN INTERVENCI\u00d3N DE AMLO<\/p>\n\n\n\n<p>El padre de Abigail H., el se\u00f1or Jos\u00e9 Luis Hay Hay, tuvo un acercamiento ayer con el presidente Andr\u00e9s Manuel L\u00f3pez Obrador durante su visita de trabajo en Salina Cruz.<\/p>\n\n\n\n<p>El hombre abord\u00f3 al mandatario nacional afuera del hotel donde se hosped\u00f3 para pedirle ayuda del gobierno federal en el esclarecimiento y justicia en el caso de su hija, pues a pesar que hay cuatro personas detenidas falta todo un proceso legal y la detenci\u00f3n de m\u00e1s personas.<\/p>\n\n\n\n<p>EN OMSI\u00d3N<\/p>\n\n\n\n<p>La ex pareja de Abigail, Kleiver Nazario Espinoza Hern\u00e1ndez sigue libre y se ha visto en Salina Cruz, se\u00f1al\u00f3 Aracely Hay.<\/p>\n\n\n\n<p>Aunque la familia no tiene contacto ni comunicaci\u00f3n con Espinoza Hern\u00e1ndez, les han informado que sigue en dicho municipio porte\u00f1o. \u201cNo sabemos nada de \u00e9l\u201d, asegur\u00f3.<\/p>\n\n\n\n<p>Para la familia, el hombre tiene responsabilidad en los hechos al dejar que la detuvieran y no intervenir a pesar de haber escuchado que la golpeaban, seg\u00fan las propias declaraciones del hombre.<\/p>\n\n\n\n<p>El menor de edad, hijo de la pareja y de quien Abigail ten\u00eda la custodia, permanece con su padre.&nbsp;<\/p>\n","protected":false},"excerpt":{"rendered":"<p>Yuridiana Sosa\/ Zona Roja Oaxaca de Ju\u00e1rez, Oax., a 1 de octubre de 2022.- Familiares&hellip;<\/p>\n","protected":false},"author":2,"featured_media":46422,"comment_status":"closed","ping_status":"open","sticky":false,"template":"","format":"standard","meta":{"_lmt_disableupdate":"","_lmt_disable":"","_jetpack_memberships_contains_paid_content":false,"footnotes":""},"categories":[109,47],"tags":[],"class_list":["post-46420","post","type-post","status-publish","format-standard","has-post-thumbnail","hentry","category-minuto-a-minuto","category-zona-gris"],"jetpack_featured_media_url":"https:\/\/zonaroja.com.mx\/wp-content\/uploads\/2022\/10\/Padre-de-Abigail-Hay-y-Lopez-Obrador.jpg","jetpack_sharing_enabled":true,"_links":{"self":[{"href":"https:\/\/zonaroja.com.mx\/index.php?rest_route=\/wp\/v2\/posts\/46420","targetHints":{"allow":["GET"]}}],"collection":[{"href":"https:\/\/zonaroja.com.mx\/index.php?rest_route=\/wp\/v2\/posts"}],"about":[{"href":"https:\/\/zonaroja.com.mx\/index.php?rest_route=\/wp\/v2\/types\/post"}],"author":[{"embeddable":true,"href":"https:\/\/zonaroja.com.mx\/index.php?rest_route=\/wp\/v2\/users\/2"}],"replies":[{"embeddable":true,"href":"https:\/\/zonaroja.com.mx\/index.php?rest_route=%2Fwp%2Fv2%2Fcomments&post=46420"}],"version-history":[{"count":2,"href":"https:\/\/zonaroja.com.mx\/index.php?rest_route=\/wp\/v2\/posts\/46420\/revisions"}],"predecessor-version":[{"id":46424,"href":"https:\/\/zonaroja.com.mx\/index.php?rest_route=\/wp\/v2\/posts\/46420\/revisions\/46424"}],"wp:featuredmedia":[{"embeddable":true,"href":"https:\/\/zonaroja.com.mx\/index.php?rest_route=\/wp\/v2\/media\/46422"}],"wp:attachment":[{"href":"https:\/\/zonaroja.com.mx\/index.php?rest_route=%2Fwp%2Fv2%2Fmedia&parent=46420"}],"wp:term":[{"taxonomy":"category","embeddable":true,"href":"https:\/\/zonaroja.com.mx\/index.php?rest_route=%2Fwp%2Fv2%2Fcategories&post=46420"},{"taxonomy":"post_tag","embeddable":true,"href":"https:\/\/zonaroja.com.mx\/index.php?rest_route=%2Fwp%2Fv2%2Ftags&post=46420"}],"curies":[{"name":"wp","href":"https:\/\/api.w.org\/{rel}","templated":true}]}}