{"id":46425,"date":"2022-10-01T15:56:18","date_gmt":"2022-10-01T20:56:18","guid":{"rendered":"http:\/\/www.zonaroja.com.mx\/?p=46425"},"modified":"2022-10-01T15:56:19","modified_gmt":"2022-10-01T20:56:19","slug":"otro-helicopterazo-de-la-marina-ahora-en-tabasco-con-3-muertos","status":"publish","type":"post","link":"https:\/\/zonaroja.com.mx\/?p=46425","title":{"rendered":"Otro \u201chelicopterazo\u201d de la Marina; ahora en Tabasco, con 3 muertos"},"content":{"rendered":"\n<p>Redacci\u00f3n\/Zona Roja Cdmx.<\/p>\n\n\n\n<p>Ciudad de M\u00e9xico, a 1 de octubre de 2022.- Un helic\u00f3ptero de la Secretar\u00eda de Marina (Semar) se desplom\u00f3 este s\u00e1bado 1 de octubre en el municipio de Centla en Tabasco, lo que fue captado en video por los mismos pobladores de la zona.<\/p>\n\n\n\n<p>Los primeros reportes se\u00f1alan que hay dos personas lesionadas que ya fueron trasladadas al hospital naval de Frontera, en la misma demarcaci\u00f3n, para recibir la atenci\u00f3n m\u00e9dica correspondiente.<\/p>\n\n\n\n<p>En un comunicado, la Semar inform\u00f3 que la aeronave era tripulada por cinco miembros del ej\u00e9rcito, tres de ellos fallecieron<\/p>\n\n\n\n<p>Una de las grabaciones muestra a la unidad suspendida en el aire, cuando de repente comienza a girar hasta que cae.<\/p>\n\n\n\n<p>La aeronave se estrell\u00f3 en un predio cercano a un jard\u00edn de ni\u00f1os, por lo que los vecinos de inmediato corrieron al lugar para auxiliar a los tripulantes y observar de cerca lo ocurrido.<\/p>\n\n\n\n<p>En otro de los videos se ve c\u00f3mo la gente ayuda a uno de los elementos heridos, quien sale con el rostro ensangrentado, mientras lo conducen hacia la calle.<\/p>\n\n\n\n<p>R\u00e1pidamente lleg\u00f3 una ambulancia as\u00ed como personal del Ej\u00e9rcito y la Semar, adscritos a la V Zona Naval para controlar la situaci\u00f3n, acordonar el \u00e1rea y llevarse a los lesionados.<\/p>\n\n\n\n<p>(Informaci\u00f3n de \u201cEl Financiero\u201d)<\/p>\n","protected":false},"excerpt":{"rendered":"<p>Redacci\u00f3n\/Zona Roja Cdmx. Ciudad de M\u00e9xico, a 1 de octubre de 2022.- Un helic\u00f3ptero de&hellip;<\/p>\n","protected":false},"author":2,"featured_media":46426,"comment_status":"closed","ping_status":"open","sticky":false,"template":"","format":"standard","meta":{"_lmt_disableupdate":"","_lmt_disable":"","_jetpack_memberships_contains_paid_content":false,"footnotes":""},"categories":[109,47],"tags":[717],"class_list":["post-46425","post","type-post","status-publish","format-standard","has-post-thumbnail","hentry","category-minuto-a-minuto","category-zona-gris","tag-tabasco"],"jetpack_featured_media_url":"https:\/\/zonaroja.com.mx\/wp-content\/uploads\/2022\/10\/Helicoptero-Tabasco-tres-muertos.jpeg","jetpack_sharing_enabled":true,"_links":{"self":[{"href":"https:\/\/zonaroja.com.mx\/index.php?rest_route=\/wp\/v2\/posts\/46425","targetHints":{"allow":["GET"]}}],"collection":[{"href":"https:\/\/zonaroja.com.mx\/index.php?rest_route=\/wp\/v2\/posts"}],"about":[{"href":"https:\/\/zonaroja.com.mx\/index.php?rest_route=\/wp\/v2\/types\/post"}],"author":[{"embeddable":true,"href":"https:\/\/zonaroja.com.mx\/index.php?rest_route=\/wp\/v2\/users\/2"}],"replies":[{"embeddable":true,"href":"https:\/\/zonaroja.com.mx\/index.php?rest_route=%2Fwp%2Fv2%2Fcomments&post=46425"}],"version-history":[{"count":1,"href":"https:\/\/zonaroja.com.mx\/index.php?rest_route=\/wp\/v2\/posts\/46425\/revisions"}],"predecessor-version":[{"id":46427,"href":"https:\/\/zonaroja.com.mx\/index.php?rest_route=\/wp\/v2\/posts\/46425\/revisions\/46427"}],"wp:featuredmedia":[{"embeddable":true,"href":"https:\/\/zonaroja.com.mx\/index.php?rest_route=\/wp\/v2\/media\/46426"}],"wp:attachment":[{"href":"https:\/\/zonaroja.com.mx\/index.php?rest_route=%2Fwp%2Fv2%2Fmedia&parent=46425"}],"wp:term":[{"taxonomy":"category","embeddable":true,"href":"https:\/\/zonaroja.com.mx\/index.php?rest_route=%2Fwp%2Fv2%2Fcategories&post=46425"},{"taxonomy":"post_tag","embeddable":true,"href":"https:\/\/zonaroja.com.mx\/index.php?rest_route=%2Fwp%2Fv2%2Ftags&post=46425"}],"curies":[{"name":"wp","href":"https:\/\/api.w.org\/{rel}","templated":true}]}}