{"id":46428,"date":"2022-10-01T16:00:11","date_gmt":"2022-10-01T21:00:11","guid":{"rendered":"http:\/\/www.zonaroja.com.mx\/?p=46428"},"modified":"2022-10-01T16:00:13","modified_gmt":"2022-10-01T21:00:13","slug":"el-69-de-adultos-mayores-en-mexico-no-tiene-apoyos-de-amlo","status":"publish","type":"post","link":"https:\/\/zonaroja.com.mx\/?p=46428","title":{"rendered":"El 69% de adultos mayores en M\u00e9xico no tiene apoyos de AMLO"},"content":{"rendered":"\n<p>Redacci\u00f3n\/Zona Roja Cdmx.<\/p>\n\n\n\n<p>Ciudad de M\u00e9xico, a 1 de octubre de 2022.- Este 1 de octubre se conmemora el D\u00eda Internacional de las Personas de Edad (ONU, 1990) declarado por la Asamblea General de las Naciones Unidas el 14 de diciembre de 1990.&nbsp;<\/p>\n\n\n\n<p>Ante ello, el Instituto Nacional de Estad\u00edstica y Geograf\u00eda (Inegi), revel\u00f3 que solo el 31 por ciento de los adultos mayores en M\u00e9xico est\u00e1n pensionados y jubilados.<\/p>\n\n\n\n<p>Al presentar indicadores sobre las personas de 60 a\u00f1os y m\u00e1s en el pa\u00eds, dio conocer que de la Poblaci\u00f3n No Econ\u00f3micamente Activa, que represent\u00f3 12 millones 110 mil 210 personas en el segundo trimestre de 2022, solo 3 millones 754 mil 165 recib\u00edan una pensi\u00f3n y se hab\u00edan jubilado con \u00e9xito.<\/p>\n\n\n\n<p>Adem\u00e1s, algo importante a destacar, es que la poblaci\u00f3n masculina pensionada y jubilada es mayor a la femenina, representando esta 58 por ciento frente al 17 por ciento.<\/p>\n\n\n\n<p>Respecto a la poblaci\u00f3n Econ\u00f3micamente Activa, el INEGI se\u00f1al\u00f3 que la mitad de las mujeres ocupadas de 60 a\u00f1os y m\u00e1s (es decir el 50 por ciento) trabaja por cuenta propia, y que en los hombres este porcentaje era ligeramente m\u00e1s bajo (48 por ciento).<\/p>\n\n\n\n<p>En las y los trabajadores subordinados y remunerados no hay diferencias entre los sexos; sin embargo, es m\u00e1s alto el porcentaje de hombres que son empleadores con respecto al de las mujeres (12 por ciento frente a 5 por ciento). Asimismo, el porcentaje de mujeres mayores que trabajan sin pago es mayor al de los hombres (7 por ciento, frente a 2 por ciento).<\/p>\n\n\n\n<p>De acuerdo con la Comisi\u00f3n Econ\u00f3mica para Am\u00e9rica Latina y el Caribe (CEPAL) y con la Organizaci\u00f3n Internacional del Trabajo (OIT), el que la mayor\u00eda de las personas de edad trabaje por cuenta propia, puede deberse a:<\/p>\n\n\n\n<p>\u201cLa discriminaci\u00f3n que obstaculiza el acceso por parte de las personas mayores a un empleo asalariado, como del deseo de estas personas de trabajar de manera independiente, aprovechando las cualificaciones adquiridas a lo largo de su vida laboral, para hacerlo en condiciones que permitan una mayor flexibilidad a la hora de organizar sus actividades laborales y de la vida diaria\u201d.<\/p>\n\n\n\n<p>Pensiones<\/p>\n\n\n\n<p>Ante este panorama en el que menos de la mitad de personas adultas mayores est\u00e1n pensionadas, el pago de estas por parte del Gobierno Federal alcanzar\u00e1n un monto de 1.7 billones de pesos en 2023, que representan el 20.4 por ciento del total del presupuesto contemplado por el gobierno mexicano.<\/p>\n\n\n\n<p>En su propuesta de Paquete Econ\u00f3mico entregada el pasado 8 de septiembre al Congreso de la Uni\u00f3n, la Secretar\u00eda de Hacienda y Cr\u00e9dito P\u00fablico (SHCP) inform\u00f3 que destinar\u00e1 1.7 billones de pesos al pago de pensiones, incluidas las que da la Secretar\u00eda del Bienestar, lo cual representa un aumento del 14.3 por ciento respecto a lo contemplado para el a\u00f1o en curso.<\/p>\n\n\n\n<p>Este monto tambi\u00e9n incluye las pensiones contributivas, como las de Pemex y CFE, y los programas sociales y prioritarios que tiene el gobierno de Andr\u00e9s Manuel L\u00f3pez Obrador (AMLO). Es la cantidad de recursos que se destinar\u00e1 a pensiones es la m\u00e1s alta del que se tiene registro y se estima que en los siguientes a\u00f1os aumente.<\/p>\n\n\n\n<p>Para ayudar a los trabajadores a tener una mejor pensi\u00f3n, el gobierno trabajar\u00e1 de la mano de la Comisi\u00f3n Nacional del Sistema de Ahorro para el Retiro (Consar) para impulsar el ahorro voluntario de los trabajadores que cuentan con una cuenta Afore.<\/p>\n\n\n\n<p>(Informaci\u00f3n de Infobae)<\/p>\n","protected":false},"excerpt":{"rendered":"<p>Redacci\u00f3n\/Zona Roja Cdmx. Ciudad de M\u00e9xico, a 1 de octubre de 2022.- Este 1 de&hellip;<\/p>\n","protected":false},"author":2,"featured_media":32649,"comment_status":"closed","ping_status":"open","sticky":false,"template":"","format":"standard","meta":{"_lmt_disableupdate":"","_lmt_disable":"","_jetpack_memberships_contains_paid_content":false,"footnotes":""},"categories":[109,47],"tags":[],"class_list":["post-46428","post","type-post","status-publish","format-standard","has-post-thumbnail","hentry","category-minuto-a-minuto","category-zona-gris"],"jetpack_featured_media_url":"https:\/\/zonaroja.com.mx\/wp-content\/uploads\/2021\/10\/Adulto-Mayor-pobreza.jpg","jetpack_sharing_enabled":true,"_links":{"self":[{"href":"https:\/\/zonaroja.com.mx\/index.php?rest_route=\/wp\/v2\/posts\/46428","targetHints":{"allow":["GET"]}}],"collection":[{"href":"https:\/\/zonaroja.com.mx\/index.php?rest_route=\/wp\/v2\/posts"}],"about":[{"href":"https:\/\/zonaroja.com.mx\/index.php?rest_route=\/wp\/v2\/types\/post"}],"author":[{"embeddable":true,"href":"https:\/\/zonaroja.com.mx\/index.php?rest_route=\/wp\/v2\/users\/2"}],"replies":[{"embeddable":true,"href":"https:\/\/zonaroja.com.mx\/index.php?rest_route=%2Fwp%2Fv2%2Fcomments&post=46428"}],"version-history":[{"count":1,"href":"https:\/\/zonaroja.com.mx\/index.php?rest_route=\/wp\/v2\/posts\/46428\/revisions"}],"predecessor-version":[{"id":46429,"href":"https:\/\/zonaroja.com.mx\/index.php?rest_route=\/wp\/v2\/posts\/46428\/revisions\/46429"}],"wp:featuredmedia":[{"embeddable":true,"href":"https:\/\/zonaroja.com.mx\/index.php?rest_route=\/wp\/v2\/media\/32649"}],"wp:attachment":[{"href":"https:\/\/zonaroja.com.mx\/index.php?rest_route=%2Fwp%2Fv2%2Fmedia&parent=46428"}],"wp:term":[{"taxonomy":"category","embeddable":true,"href":"https:\/\/zonaroja.com.mx\/index.php?rest_route=%2Fwp%2Fv2%2Fcategories&post=46428"},{"taxonomy":"post_tag","embeddable":true,"href":"https:\/\/zonaroja.com.mx\/index.php?rest_route=%2Fwp%2Fv2%2Ftags&post=46428"}],"curies":[{"name":"wp","href":"https:\/\/api.w.org\/{rel}","templated":true}]}}