{"id":46430,"date":"2022-10-01T20:38:55","date_gmt":"2022-10-02T01:38:55","guid":{"rendered":"http:\/\/www.zonaroja.com.mx\/?p=46430"},"modified":"2022-10-01T20:38:56","modified_gmt":"2022-10-02T01:38:56","slug":"ni-en-sabado-hay-descanso-con-las-protestas-en-oaxaca","status":"publish","type":"post","link":"https:\/\/zonaroja.com.mx\/?p=46430","title":{"rendered":"Ni en s\u00e1bado hay descanso con las protestas en Oaxaca"},"content":{"rendered":"\n<p>Redacci\u00f3n\/Zona Roja.<\/p>\n\n\n\n<p>Oaxaca de Ju\u00e1rez, Oax., a 1 de octubre de 2022.- Octubre inici\u00f3 con al menos cuatro bloqueos y protestas en Oaxaca.<\/p>\n\n\n\n<p>Este s\u00e1bado, en el segundo d\u00eda de gira del Presidente Andr\u00e9s Manuel L\u00f3pez Obrador por la entidad, permanece un bloqueo a la carretera federal Oaxaca-Puerto \u00c1ngel, por parte de pobladores del municipio de Monjas.<\/p>\n\n\n\n<p>Recriminan que la autoridad municipal de Miahuatl\u00e1n de Porfirio D\u00edaz pretenda convertir su zona en un tiradero a cielo abierto. Despu\u00e9s de m\u00e1s de 12 horas de inconformidad, ninguna autoridad, ni estatal ni municipal, ha atendido la demanda.<\/p>\n\n\n\n<p>En San Francisco Telixtlahuaca, se reactiv\u00f3 la protesta de pobladores en contra de la autoridad municipal, que encabeza la alcaldesa Nidia Betzabeth Garc\u00eda P\u00e9rez, que repite en el cargo por el Partido Morena.<\/p>\n\n\n\n<p>Ello porque se ha negado a retirar el cobro extra que realiza a empresas locales y for\u00e1neas que llevan mercanc\u00eda a dicha poblaci\u00f3n del distrito de Etla, lo cual repercute en la econom\u00eda de los pobladores, pues los comerciantes incrementan los costos.<\/p>\n\n\n\n<p>En San Pablo Villa de Huitzo resurgi\u00f3 el conflicto con sus vecinos de Santiago Tenango, por la disputa de tierras.<\/p>\n\n\n\n<p>Los habitantes del primer municipio efectuaron un bloqueo en la carretera de la zona para reclamar a Tenango la destrucci\u00f3n de al menos siete hect\u00e1reas de cultivo.<\/p>\n\n\n\n<p>Demandan que les sean indemnizados los da\u00f1os, sin embargo, tampoco ha habido mediaci\u00f3n por parte del Gobierno del Estado.<\/p>\n\n\n\n<p>Mientras que en la capital, cumpli\u00f3 seis d\u00edas la huelga de hambre de cuatro mujeres de Santiago Progreso, Valle Nacional, para exigir la liberaci\u00f3n de 10 personas, retenidas por San Pedro Ozumac\u00edn desde hace 30 d\u00edas.<\/p>\n\n\n\n<p>Ante la nula respuesta de la Secretar\u00eda General de Gobierno (Segego), este domingo prev\u00e9n trasladarse a la Villa de Mitla, donde el Presidente de M\u00e9xico, Andr\u00e9s Manuel L\u00f3pez Obrador, encabezar\u00e1 actividades.<\/p>\n\n\n\n<p>En tanto, finalmente y despu\u00e9s de seis d\u00edas, este d\u00eda por la ma\u00f1ana, pobladores de Juchit\u00e1n de Zaragoza retiraron los bloqueos que manten\u00edan a la carretera Trans\u00edstimica, en dos puntos entre ese municipio y Santo Domingo Tehuantepec.<\/p>\n","protected":false},"excerpt":{"rendered":"<p>Redacci\u00f3n\/Zona Roja. Oaxaca de Ju\u00e1rez, Oax., a 1 de octubre de 2022.- Octubre inici\u00f3 con&hellip;<\/p>\n","protected":false},"author":2,"featured_media":46431,"comment_status":"closed","ping_status":"open","sticky":false,"template":"","format":"standard","meta":{"_lmt_disableupdate":"","_lmt_disable":"","_jetpack_memberships_contains_paid_content":false,"footnotes":""},"categories":[109,47],"tags":[2264],"class_list":["post-46430","post","type-post","status-publish","format-standard","has-post-thumbnail","hentry","category-minuto-a-minuto","category-zona-gris","tag-bloqueos-y-protestas-oaxaca"],"jetpack_featured_media_url":"https:\/\/zonaroja.com.mx\/wp-content\/uploads\/2022\/10\/Bloqueo-contra-basurero-Monjas-Miahuatlan.jpg","jetpack_sharing_enabled":true,"_links":{"self":[{"href":"https:\/\/zonaroja.com.mx\/index.php?rest_route=\/wp\/v2\/posts\/46430","targetHints":{"allow":["GET"]}}],"collection":[{"href":"https:\/\/zonaroja.com.mx\/index.php?rest_route=\/wp\/v2\/posts"}],"about":[{"href":"https:\/\/zonaroja.com.mx\/index.php?rest_route=\/wp\/v2\/types\/post"}],"author":[{"embeddable":true,"href":"https:\/\/zonaroja.com.mx\/index.php?rest_route=\/wp\/v2\/users\/2"}],"replies":[{"embeddable":true,"href":"https:\/\/zonaroja.com.mx\/index.php?rest_route=%2Fwp%2Fv2%2Fcomments&post=46430"}],"version-history":[{"count":1,"href":"https:\/\/zonaroja.com.mx\/index.php?rest_route=\/wp\/v2\/posts\/46430\/revisions"}],"predecessor-version":[{"id":46432,"href":"https:\/\/zonaroja.com.mx\/index.php?rest_route=\/wp\/v2\/posts\/46430\/revisions\/46432"}],"wp:featuredmedia":[{"embeddable":true,"href":"https:\/\/zonaroja.com.mx\/index.php?rest_route=\/wp\/v2\/media\/46431"}],"wp:attachment":[{"href":"https:\/\/zonaroja.com.mx\/index.php?rest_route=%2Fwp%2Fv2%2Fmedia&parent=46430"}],"wp:term":[{"taxonomy":"category","embeddable":true,"href":"https:\/\/zonaroja.com.mx\/index.php?rest_route=%2Fwp%2Fv2%2Fcategories&post=46430"},{"taxonomy":"post_tag","embeddable":true,"href":"https:\/\/zonaroja.com.mx\/index.php?rest_route=%2Fwp%2Fv2%2Ftags&post=46430"}],"curies":[{"name":"wp","href":"https:\/\/api.w.org\/{rel}","templated":true}]}}