{"id":46440,"date":"2022-10-02T12:10:00","date_gmt":"2022-10-02T17:10:00","guid":{"rendered":"http:\/\/www.zonaroja.com.mx\/?p=46440"},"modified":"2022-10-02T07:12:14","modified_gmt":"2022-10-02T12:12:14","slug":"inicia-campana-alas-y-raices-de-los-movimientos-sociales-en-oaxaca","status":"publish","type":"post","link":"https:\/\/zonaroja.com.mx\/?p=46440","title":{"rendered":"Inicia campa\u00f1a \u201cAlas y Ra\u00edces de los movimientos sociales en Oaxaca\u201d"},"content":{"rendered":"\n<p>Redacci\u00f3n\/Zona Roja.<\/p>\n\n\n\n<p>Oaxaca de Ju\u00e1rez, Oax., a 2 de octubre de 2022.- \u201cAlas y Ra\u00edces de los Movimientos Sociales en Oaxaca\u201d es una campa\u00f1a que tiene el objetivo de visibilizar a comunidades y movimientos en defensa de sus derechos en Oaxaca, sus principales denuncias y esperanzas, as\u00ed como las estructuras de desigualdad hist\u00f3ricas hacia los mismos, reivindicando la defensa comunitaria como un derecho humano.<\/p>\n\n\n\n<p>Inicia con una serie de cinco videos los cuales profundizan en los testimonios de los movimientos sociales de Oaxaca, donde la memoria hist\u00f3rica conduce a la movilizaci\u00f3n social y cuestiona profundamente el contexto neoliberal y el despojo capitalista.<\/p>\n\n\n\n<p>La serie se enfoca en las lecturas, retos y alternativas de los movimientos sociales en Oaxaca, quienes est\u00e1n profundamente enraizados en la memoria hist\u00f3rica, en el trabajo comunitario, en la b\u00fasqueda y construcci\u00f3n permanente de alternativas al modelo desarrollista:<\/p>\n\n\n\n<p>La acci\u00f3n colectiva, la participaci\u00f3n de las mujeres, la recuperaci\u00f3n y defensa de los territorios, la educaci\u00f3n comunal y la agroecolog\u00eda son expresiones que cobran vital importancia en esta serie.<\/p>\n\n\n\n<p>La serie consta de cinco cap\u00edtulos, el primero de ellos, \u201cLas ra\u00edces y las alas del movimiento popular en Oaxaca\u201d realiza un recuento hist\u00f3rico de las diversas luchas en Oaxaca: la construcci\u00f3n del poder local (municipal y agrario), contra los cacicazgos, por la autonom\u00eda universitaria, la defensa del territorio y los derechos de los pueblos ind\u00edgenas son distintivos frente a los gobiernos autoritarios y el capitalismo, de igual forma realiza un an\u00e1lisis sobre el gobierno de la Cuarta Transformaci\u00f3n y la perspectiva de los movimientos frente a \u00e9ste.<\/p>\n\n\n\n<figure class=\"wp-block-embed is-type-rich is-provider-twitter wp-block-embed-twitter\"><div class=\"wp-block-embed__wrapper\">\n<div class=\"twitter-tweet\"><blockquote class=\"twitter-tweet\" data-lang=\"es\"><p lang=\"es\" dir=\"ltr\">Ver Episodio 1: Las ra\u00edces y las alas del movimiento popular en Oaxaca  <a href=\"https:\/\/t.co\/17S22MW2xW\">https:\/\/t.co\/17S22MW2xW<\/a><\/p>&mdash; Educa Oaxaca (@laminuta) <a href=\"https:\/\/twitter.com\/laminuta\/status\/1575151804760920073?ref_src=twsrc%5Etfw\">28 de septiembre de 2022<\/a><\/blockquote><\/div>\n<\/div><\/figure>\n\n\n\n<p>(Comunicado)<\/p>\n","protected":false},"excerpt":{"rendered":"<p>Redacci\u00f3n\/Zona Roja. Oaxaca de Ju\u00e1rez, Oax., a 2 de octubre de 2022.- \u201cAlas y Ra\u00edces&hellip;<\/p>\n","protected":false},"author":2,"featured_media":46441,"comment_status":"closed","ping_status":"open","sticky":false,"template":"","format":"standard","meta":{"_lmt_disableupdate":"","_lmt_disable":"","_jetpack_memberships_contains_paid_content":false,"footnotes":""},"categories":[109,46],"tags":[2275],"class_list":["post-46440","post","type-post","status-publish","format-standard","has-post-thumbnail","hentry","category-minuto-a-minuto","category-zona-blanca","tag-servicios-para-una-educacion-alternativa-a-c-educa"],"jetpack_featured_media_url":"https:\/\/zonaroja.com.mx\/wp-content\/uploads\/2022\/10\/Alas-y-raices-de-movimientos-Educa.jpeg","jetpack_sharing_enabled":true,"_links":{"self":[{"href":"https:\/\/zonaroja.com.mx\/index.php?rest_route=\/wp\/v2\/posts\/46440","targetHints":{"allow":["GET"]}}],"collection":[{"href":"https:\/\/zonaroja.com.mx\/index.php?rest_route=\/wp\/v2\/posts"}],"about":[{"href":"https:\/\/zonaroja.com.mx\/index.php?rest_route=\/wp\/v2\/types\/post"}],"author":[{"embeddable":true,"href":"https:\/\/zonaroja.com.mx\/index.php?rest_route=\/wp\/v2\/users\/2"}],"replies":[{"embeddable":true,"href":"https:\/\/zonaroja.com.mx\/index.php?rest_route=%2Fwp%2Fv2%2Fcomments&post=46440"}],"version-history":[{"count":1,"href":"https:\/\/zonaroja.com.mx\/index.php?rest_route=\/wp\/v2\/posts\/46440\/revisions"}],"predecessor-version":[{"id":46442,"href":"https:\/\/zonaroja.com.mx\/index.php?rest_route=\/wp\/v2\/posts\/46440\/revisions\/46442"}],"wp:featuredmedia":[{"embeddable":true,"href":"https:\/\/zonaroja.com.mx\/index.php?rest_route=\/wp\/v2\/media\/46441"}],"wp:attachment":[{"href":"https:\/\/zonaroja.com.mx\/index.php?rest_route=%2Fwp%2Fv2%2Fmedia&parent=46440"}],"wp:term":[{"taxonomy":"category","embeddable":true,"href":"https:\/\/zonaroja.com.mx\/index.php?rest_route=%2Fwp%2Fv2%2Fcategories&post=46440"},{"taxonomy":"post_tag","embeddable":true,"href":"https:\/\/zonaroja.com.mx\/index.php?rest_route=%2Fwp%2Fv2%2Ftags&post=46440"}],"curies":[{"name":"wp","href":"https:\/\/api.w.org\/{rel}","templated":true}]}}