{"id":46443,"date":"2022-10-02T07:30:12","date_gmt":"2022-10-02T12:30:12","guid":{"rendered":"http:\/\/www.zonaroja.com.mx\/?p=46443"},"modified":"2022-10-02T07:30:14","modified_gmt":"2022-10-02T12:30:14","slug":"denuncia-multi-otro-asesinato-en-zona-triqui-tras-reanudarse-el-dialogo","status":"publish","type":"post","link":"https:\/\/zonaroja.com.mx\/?p=46443","title":{"rendered":"Denuncia MULTI otro asesinato en zona triqui, tras reanudarse el di\u00e1logo"},"content":{"rendered":"\n<p>Ismael Garc\u00eda M.\/Zona Roja.<\/p>\n\n\n\n<p>Oaxaca de Ju\u00e1rez, Oax., a 2 de octubre de 2022.- A cuatro d\u00edas de reiniciado el di\u00e1logo para el retorno de desplazados de Tierra Blanca Copala, en la zona Triqui de Oaxaca se registr\u00f3 otro asesinato.<\/p>\n\n\n\n<p>El Movimiento de Unificaci\u00f3n y Lucha Triqui Independiente (MULTI) denunci\u00f3 que el crimen se registr\u00f3 la noche de ayer 1 de octubre, aproximadamente a las 19:00 horas y la v\u00edctima fue Julio Isidro Ramirez Gonzalez de Agua Fr\u00eda Copala.<\/p>\n\n\n\n<p>\u201cEs el segundo atentado en contra de nuestras bases en menos de una semana\u201d, reproch\u00f3 la organizaci\u00f3n social que mantiene una intensa pugna con el MULT en la zona; el primer homicidio ocurri\u00f3 el 27 de septiembre.<\/p>\n\n\n\n<p>\u201cComo organizaci\u00f3n hemos impulsado desde nuestro surgimiento un proceso de pacificaci\u00f3n y reconciliaci\u00f3n de nuestra naci\u00f3n Triqui; a pesar de que esto ponga en riesgo nuestra integridad f\u00edsica y nuestras vidas.&nbsp;<\/p>\n\n\n\n<p>\u201cEn los \u00faltimos meses hemos insistido en la instalaci\u00f3n de las mesas de di\u00e1logo para un retorno seguro de las 143 familias desplazadas de Tierra Blanca Copala; sin embargo, esto no se ha podido concretar debido a que va en contra de los intereses de los caciques y asesinos de la region triqui que buscan por todos los medios seguir manteniendo el poder y control de los pueblos triquis\u201d, detall\u00f3 en un comunicado.<\/p>\n\n\n\n<p>Critic\u00f3 directamente a los integrantes de la directiva del Movimiento de Unificaci\u00f3n y Lucha Triqui, Emelia Ortiz, Eleazar Ortiz, Epifanio Ortiz Garc\u00eda y Florentino Ortiz, \u201cjefes asesinos y paramilitares de la regi\u00f3n Triqui\u201d.<\/p>\n\n\n\n<p>El MULTI lament\u00f3 adem\u00e1s que dicha agrupaci\u00f3n simule en las mesas de di\u00e1logo estar a favor de la paz y la justicia, \u201cpero en los hechos siguen asesinando a nuestros hermanos de lucha que buscan el bienestar y progreso de nuestros pueblos\u201d.<\/p>\n","protected":false},"excerpt":{"rendered":"<p>Ismael Garc\u00eda M.\/Zona Roja. Oaxaca de Ju\u00e1rez, Oax., a 2 de octubre de 2022.- A&hellip;<\/p>\n","protected":false},"author":2,"featured_media":46444,"comment_status":"closed","ping_status":"open","sticky":false,"template":"","format":"standard","meta":{"_lmt_disableupdate":"","_lmt_disable":"","_jetpack_memberships_contains_paid_content":false,"footnotes":""},"categories":[109,47],"tags":[1712],"class_list":["post-46443","post","type-post","status-publish","format-standard","has-post-thumbnail","hentry","category-minuto-a-minuto","category-zona-gris","tag-tierra-blanca-copala"],"jetpack_featured_media_url":"https:\/\/zonaroja.com.mx\/wp-content\/uploads\/2022\/10\/Muerto-zona-triqui-MULTI.jpg","jetpack_sharing_enabled":true,"_links":{"self":[{"href":"https:\/\/zonaroja.com.mx\/index.php?rest_route=\/wp\/v2\/posts\/46443","targetHints":{"allow":["GET"]}}],"collection":[{"href":"https:\/\/zonaroja.com.mx\/index.php?rest_route=\/wp\/v2\/posts"}],"about":[{"href":"https:\/\/zonaroja.com.mx\/index.php?rest_route=\/wp\/v2\/types\/post"}],"author":[{"embeddable":true,"href":"https:\/\/zonaroja.com.mx\/index.php?rest_route=\/wp\/v2\/users\/2"}],"replies":[{"embeddable":true,"href":"https:\/\/zonaroja.com.mx\/index.php?rest_route=%2Fwp%2Fv2%2Fcomments&post=46443"}],"version-history":[{"count":1,"href":"https:\/\/zonaroja.com.mx\/index.php?rest_route=\/wp\/v2\/posts\/46443\/revisions"}],"predecessor-version":[{"id":46445,"href":"https:\/\/zonaroja.com.mx\/index.php?rest_route=\/wp\/v2\/posts\/46443\/revisions\/46445"}],"wp:featuredmedia":[{"embeddable":true,"href":"https:\/\/zonaroja.com.mx\/index.php?rest_route=\/wp\/v2\/media\/46444"}],"wp:attachment":[{"href":"https:\/\/zonaroja.com.mx\/index.php?rest_route=%2Fwp%2Fv2%2Fmedia&parent=46443"}],"wp:term":[{"taxonomy":"category","embeddable":true,"href":"https:\/\/zonaroja.com.mx\/index.php?rest_route=%2Fwp%2Fv2%2Fcategories&post=46443"},{"taxonomy":"post_tag","embeddable":true,"href":"https:\/\/zonaroja.com.mx\/index.php?rest_route=%2Fwp%2Fv2%2Ftags&post=46443"}],"curies":[{"name":"wp","href":"https:\/\/api.w.org\/{rel}","templated":true}]}}