{"id":46459,"date":"2022-10-02T15:00:55","date_gmt":"2022-10-02T20:00:55","guid":{"rendered":"http:\/\/www.zonaroja.com.mx\/?p=46459"},"modified":"2022-10-02T15:00:59","modified_gmt":"2022-10-02T20:00:59","slug":"alejandro-murat-no-saldra-corriendo-como-el-gober-de-tamaulipas-jara","status":"publish","type":"post","link":"https:\/\/zonaroja.com.mx\/?p=46459","title":{"rendered":"\u2018Alejandro Murat no saldr\u00e1 corriendo como el g\u00f3ber de Tamaulipas\u2019: Jara"},"content":{"rendered":"\n<p>Redacci\u00f3n\/Zona Roja Cdmx. Foto: Archivo<\/p>\n\n\n\n<p>Ciudad de M\u00e9xico, a 2 de octubre de 2022.- La transici\u00f3n en Oaxaca ser\u00e1 tersa y no como en Tamaulipas, en donde el gobernador Francisco Javier Garc\u00eda Cabeza de Vaca sali\u00f3 corriendo, asegur\u00f3 Salom\u00f3n Jara, gobernador electo en Oaxaca, en entrevista con medios de comunicaci\u00f3n al llegar al Banco de Bienestar en San Pablo Villa de Mitla, donde el Presidente Andr\u00e9s Manuel L\u00f3pez Obrador inaugur\u00f3 dicha sucursal.<\/p>\n\n\n\n<p>\u201cHe visto una buena actitud de parte del gobernador, no as\u00ed en Tamaulipas, ayer (s\u00e1bado 1 de octubre) estuve en la toma de protesta de Am\u00e9rico Villarreal y corri\u00f3 el gobernador de Tamaulipas, aqu\u00ed es diferente, ha habido otro tipo de relaci\u00f3n, muy respetuosa y sobre todo muy buena relaci\u00f3n\u201d.<\/p>\n\n\n\n<p>El morenista agreg\u00f3 que la transici\u00f3n entre Alejandro Murat y \u00e9l ser\u00e1 \u201cpac\u00edfica, tersa, como nunca\u201d, pues hasta ha trabajado \u201cde la mano\u201d con el Ejecutivo federal. El cambio de gobierno ser\u00e1 el pr\u00f3ximo 1 de diciembre.<\/p>\n\n\n\n<p>Se le pregunt\u00f3 si no investigar\u00eda al gobernador saliente priista, algo para lo que a\u00fan no tiene respuesta.<\/p>\n\n\n\n<p>\u201cTodav\u00eda no tenemos nuestra entrega recepci\u00f3n, esperemos ya cuando est\u00e9n los equipos de transici\u00f3n, ya sabemos qu\u00e9 va a pasar\u201d.<\/p>\n\n\n\n<p>El panista Garc\u00eda Cabeza de Vaca entreg\u00f3 el mando el s\u00e1bado 1 de octubre al morenista Am\u00e9rico Villareal, y desde el \u00faltimo tramo de su investigaci\u00f3n se le denunci\u00f3 por lavado de dinero y enriquecimiento il\u00edcito.<\/p>\n\n\n\n<figure class=\"wp-block-embed is-type-rich is-provider-twitter wp-block-embed-twitter\"><div class=\"wp-block-embed__wrapper\">\n<div class=\"twitter-tweet\"><blockquote class=\"twitter-tweet\" data-lang=\"es\"><p lang=\"es\" dir=\"ltr\">El coraz\u00f3n oaxaque\u00f1o de nuestro presidente es m\u00e1s fuerte y alegre que nunca antes. Tengo la certeza que, en coordinaci\u00f3n con el gobierno federal, haremos realidad el desarrollo de <a href=\"https:\/\/twitter.com\/hashtag\/Oaxaca?src=hash&amp;ref_src=twsrc%5Etfw\">#Oaxaca<\/a>. Vienen los mejores 2 a\u00f1os del presidente <a href=\"https:\/\/twitter.com\/lopezobrador_?ref_src=twsrc%5Etfw\">@lopezobrador_<\/a>.<a href=\"https:\/\/twitter.com\/hashtag\/AmorConAmorSePaga?src=hash&amp;ref_src=twsrc%5Etfw\">#AmorConAmorSePaga<\/a> <a href=\"https:\/\/t.co\/0Efd4UYKjF\">pic.twitter.com\/0Efd4UYKjF<\/a><\/p>&mdash; Salom\u00f3n Jara Cruz (@salomonj) <a href=\"https:\/\/twitter.com\/salomonj\/status\/1576627359003779072?ref_src=twsrc%5Etfw\">2 de octubre de 2022<\/a><\/blockquote><\/div>\n<\/div><\/figure>\n\n\n\n<p>PELUCHE PARA AMLO<\/p>\n\n\n\n<p>La tradici\u00f3n de lanzar mu\u00f1ecos de peluche en los conciertos se traslad\u00f3 a la pol\u00edtica.&nbsp;<\/p>\n\n\n\n<p>Al saludar a un grupo de simpatizantes en Oaxaca, previo a inaugurar una sucursal del Banco del Bienestar en Oaxaca, el presidente Andr\u00e9s Manuel L\u00f3pez Obrador recibi\u00f3 dos de estos objetos.<\/p>\n\n\n\n<p>Primero, al mandatario le aventaron uno con vestimenta tradicional, el cual atrap\u00f3 uno de los integrantes de la Ayudant\u00eda (grupo que cuida al Presidente), y luego le entregaron en mano otro peluche pero ataviado con playera verde, pantal\u00f3n azul y tenis rojos.<\/p>\n\n\n\n<p>El Presidente asi\u00f3 el mu\u00f1equito con la mano derecha mientras que con la izquierda tom\u00f3 una vasija de barro que tambi\u00e9n le regalaron.<\/p>\n\n\n\n<p>Esta es la primera vez que le regalan este peluche a AMLO, luego de que en los \u00faltimos conciertos de M\u00e9xico se ha vuelto costumbre arrojar estos mu\u00f1ecos a los artistas y viralizar en redes sociales la acci\u00f3n.<\/p>\n\n\n\n<p>Desde su primera candidatura presidencial, L\u00f3pez Obrador cuenta con su propio personaje, conocido como el \u2018Pejeluche\u2019, el cual tambi\u00e9n ha ido diversificando su vestimenta.<\/p>\n\n\n\n<p>(Informaci\u00f3n de \u201cEl Financiero\u201d)<\/p>\n","protected":false},"excerpt":{"rendered":"<p>Redacci\u00f3n\/Zona Roja Cdmx. Foto: Archivo Ciudad de M\u00e9xico, a 2 de octubre de 2022.- La&hellip;<\/p>\n","protected":false},"author":2,"featured_media":42667,"comment_status":"closed","ping_status":"open","sticky":false,"template":"","format":"standard","meta":{"_lmt_disableupdate":"","_lmt_disable":"","_jetpack_memberships_contains_paid_content":false,"footnotes":""},"categories":[109,46],"tags":[939],"class_list":["post-46459","post","type-post","status-publish","format-standard","has-post-thumbnail","hentry","category-minuto-a-minuto","category-zona-blanca","tag-salomon-jara-cruz"],"jetpack_featured_media_url":"https:\/\/zonaroja.com.mx\/wp-content\/uploads\/2022\/06\/63616226-60fd-41a1-ae49-ef3ced4c4f42.jpg","jetpack_sharing_enabled":true,"_links":{"self":[{"href":"https:\/\/zonaroja.com.mx\/index.php?rest_route=\/wp\/v2\/posts\/46459","targetHints":{"allow":["GET"]}}],"collection":[{"href":"https:\/\/zonaroja.com.mx\/index.php?rest_route=\/wp\/v2\/posts"}],"about":[{"href":"https:\/\/zonaroja.com.mx\/index.php?rest_route=\/wp\/v2\/types\/post"}],"author":[{"embeddable":true,"href":"https:\/\/zonaroja.com.mx\/index.php?rest_route=\/wp\/v2\/users\/2"}],"replies":[{"embeddable":true,"href":"https:\/\/zonaroja.com.mx\/index.php?rest_route=%2Fwp%2Fv2%2Fcomments&post=46459"}],"version-history":[{"count":1,"href":"https:\/\/zonaroja.com.mx\/index.php?rest_route=\/wp\/v2\/posts\/46459\/revisions"}],"predecessor-version":[{"id":46460,"href":"https:\/\/zonaroja.com.mx\/index.php?rest_route=\/wp\/v2\/posts\/46459\/revisions\/46460"}],"wp:featuredmedia":[{"embeddable":true,"href":"https:\/\/zonaroja.com.mx\/index.php?rest_route=\/wp\/v2\/media\/42667"}],"wp:attachment":[{"href":"https:\/\/zonaroja.com.mx\/index.php?rest_route=%2Fwp%2Fv2%2Fmedia&parent=46459"}],"wp:term":[{"taxonomy":"category","embeddable":true,"href":"https:\/\/zonaroja.com.mx\/index.php?rest_route=%2Fwp%2Fv2%2Fcategories&post=46459"},{"taxonomy":"post_tag","embeddable":true,"href":"https:\/\/zonaroja.com.mx\/index.php?rest_route=%2Fwp%2Fv2%2Ftags&post=46459"}],"curies":[{"name":"wp","href":"https:\/\/api.w.org\/{rel}","templated":true}]}}