{"id":46469,"date":"2022-10-02T21:14:57","date_gmt":"2022-10-03T02:14:57","guid":{"rendered":"http:\/\/www.zonaroja.com.mx\/?p=46469"},"modified":"2022-10-02T21:15:00","modified_gmt":"2022-10-03T02:15:00","slug":"seran-52-mil-plazas-de-docentes-para-36-mil-beneficiados-precisa-seccion-2","status":"publish","type":"post","link":"https:\/\/zonaroja.com.mx\/?p=46469","title":{"rendered":"Ser\u00e1n 52 mil plazas de docentes para 36 mil beneficiados, precisa Secci\u00f3n 2"},"content":{"rendered":"\n<p>Ismael Garc\u00eda M.\/Zona Roja.<\/p>\n\n\n\n<p>Oaxaca de Ju\u00e1rez, Oax., a 2 de octubre de 2022.- La Secci\u00f3n 22 del SNTE confirm\u00f3 el anuncio del Presidente Andr\u00e9s Manuel L\u00f3pez Obrador y precis\u00f3 que ser\u00e1n 52 plazas para docentes de Oaxaca, en beneficio de 36 mil trabajadores de la educaci\u00f3n.<\/p>\n\n\n\n<p>Pero \u201cno es una concesi\u00f3n del gobierno, es un logro del movimiento, porque tuvo que ver con la lucha de la mal llamada reforma educativa de Pe\u00f1a Nieto, donde se suspendieron muchos procesos y muchos derechos, dentro de ellos la basificaci\u00f3n de compa\u00f1eros\u201d, remarc\u00f3 el secretario de Organizaci\u00f3n, Genaro Mart\u00ednez Morales.<\/p>\n\n\n\n<p>En entrevista, al t\u00e9rmino de la marcha y el mitin del magisterio en la capital de Oaxaca, en conmemoraci\u00f3n del aniversario 54 de la matanza de Tlatelolco, explic\u00f3 que son 36 mil beneficiados debido a que muchos mentores est\u00e1n por horas frente a grupo.<\/p>\n\n\n\n<p>\u201cEso lo planteamos desde las primeras mesas a nivel nacional; lo que el Ejecutivo federal plante\u00f3 es que esper\u00e1ramos; obviamente en esta parte, pues cada quien quiere decir que est\u00e1 dando soluciones, pero para nosotros es una respuesta a una exigencia.<\/p>\n\n\n\n<p>\u201cEfectivamente, ya estamos en el proceso de los compa\u00f1eros que quedaron pendientes, les llamamos procesos en tr\u00e1nsito, como los que ingresaron posterior a la reforma, ya tengan la basificaci\u00f3n, que significa ser titular legal, jur\u00eddicamente, de una plaza\u201d, recalc\u00f3.<\/p>\n\n\n\n<figure class=\"wp-block-embed is-type-rich is-provider-twitter wp-block-embed-twitter\"><div class=\"wp-block-embed__wrapper\">\n<div class=\"twitter-tweet\"><blockquote class=\"twitter-tweet\" data-lang=\"es\"><p lang=\"es\" dir=\"ltr\">3. Y sobre el anuncio del Presidente <a href=\"https:\/\/twitter.com\/lopezobrador_?ref_src=twsrc%5Etfw\">@lopezobrador_<\/a> de 50 mil plazas para el magisterio, el integrante del comit\u00e9 seccional sostuvo que no es una concesi\u00f3n del mandatario, sino logro de la lucha sindical. <br>Aqu\u00ed detalla n\u00famero de plazas y beneficiados: <a href=\"https:\/\/t.co\/duMiCGF679\">pic.twitter.com\/duMiCGF679<\/a><\/p>&mdash; Zona Roja Oaxaca (@ZonaRoja_Oaxaca) <a href=\"https:\/\/twitter.com\/ZonaRoja_Oaxaca\/status\/1576709477952540678?ref_src=twsrc%5Etfw\">2 de octubre de 2022<\/a><\/blockquote><\/div>\n<\/div><\/figure>\n\n\n\n<p>NO A MILITARIZACI\u00d3N<\/p>\n\n\n\n<p>Cuestionado acerca de las decisiones del Presidente Andr\u00e9s Manuel L\u00f3pez Obrador de, primero, asignar a la Guardia Nacional a la Secretar\u00eda de la Defensa Nacional y, segundo, dejar a los militares en las calles hasta el 2028, Mart\u00ednez Morales recalc\u00f3 el rechazo a ello.<\/p>\n\n\n\n<p>\u201cEl movimiento est\u00e1 claro, que nosotros en ning\u00fan momento vamos a aceptar, a avalar que el aparato de Estado haga uso de lo militar para cualquier asunto, mucho menos para la seguridad.<\/p>\n\n\n\n<p>\u201cHist\u00f3ricamente el movimiento ha rechazado esos procesos; en el pa\u00eds nos ha dicho que es un peligro dar mayor poder al aparato militar y, para nosotros, la democracia es que sea el pueblo civil el que se haga cargo de todos los \u00f3rganos del Estado.<\/p>\n\n\n\n<p>RUTA DE ELECCI\u00d3N<\/p>\n\n\n\n<p>En otro tema, Mart\u00ednez Morales indic\u00f3 que tras la Asamblea Estatal tem\u00e1tica de la semana pasada, se confirma la ruta de elecci\u00f3n del nuevo Comit\u00e9 Ejecutivo Seccional, mismo que deber\u00e1 estar conformado a m\u00e1s tardar el 25 de noviembre.<\/p>\n\n\n\n<p>Del 17 de octubre al 25 de noviembre ser\u00e1 el proceso, que incluye el Precongreso democr\u00e1tico, en sus fases delegacional, sectorial, regional y estatal.<\/p>\n\n\n\n<p>Tras ello vendr\u00e1 una etapa que tiene que ver con la Toma de Nota a nivel nacional, que consider\u00f3 que ser\u00e1 una lucha m\u00e1s; \u201clo fundamental es que lo determinar\u00e1 el Precongreso\u201d, dijo.<\/p>\n","protected":false},"excerpt":{"rendered":"<p>Ismael Garc\u00eda M.\/Zona Roja. Oaxaca de Ju\u00e1rez, Oax., a 2 de octubre de 2022.- La&hellip;<\/p>\n","protected":false},"author":2,"featured_media":46471,"comment_status":"closed","ping_status":"open","sticky":false,"template":"","format":"standard","meta":{"_lmt_disableupdate":"","_lmt_disable":"","_jetpack_memberships_contains_paid_content":false,"footnotes":""},"categories":[109,46],"tags":[312],"class_list":["post-46469","post","type-post","status-publish","format-standard","has-post-thumbnail","hentry","category-minuto-a-minuto","category-zona-blanca","tag-seccion-22-del-snte"],"jetpack_featured_media_url":"https:\/\/zonaroja.com.mx\/wp-content\/uploads\/2022\/10\/Genaro-Martinez-Morales-Seccion-22.jpg","jetpack_sharing_enabled":true,"_links":{"self":[{"href":"https:\/\/zonaroja.com.mx\/index.php?rest_route=\/wp\/v2\/posts\/46469","targetHints":{"allow":["GET"]}}],"collection":[{"href":"https:\/\/zonaroja.com.mx\/index.php?rest_route=\/wp\/v2\/posts"}],"about":[{"href":"https:\/\/zonaroja.com.mx\/index.php?rest_route=\/wp\/v2\/types\/post"}],"author":[{"embeddable":true,"href":"https:\/\/zonaroja.com.mx\/index.php?rest_route=\/wp\/v2\/users\/2"}],"replies":[{"embeddable":true,"href":"https:\/\/zonaroja.com.mx\/index.php?rest_route=%2Fwp%2Fv2%2Fcomments&post=46469"}],"version-history":[{"count":1,"href":"https:\/\/zonaroja.com.mx\/index.php?rest_route=\/wp\/v2\/posts\/46469\/revisions"}],"predecessor-version":[{"id":46472,"href":"https:\/\/zonaroja.com.mx\/index.php?rest_route=\/wp\/v2\/posts\/46469\/revisions\/46472"}],"wp:featuredmedia":[{"embeddable":true,"href":"https:\/\/zonaroja.com.mx\/index.php?rest_route=\/wp\/v2\/media\/46471"}],"wp:attachment":[{"href":"https:\/\/zonaroja.com.mx\/index.php?rest_route=%2Fwp%2Fv2%2Fmedia&parent=46469"}],"wp:term":[{"taxonomy":"category","embeddable":true,"href":"https:\/\/zonaroja.com.mx\/index.php?rest_route=%2Fwp%2Fv2%2Fcategories&post=46469"},{"taxonomy":"post_tag","embeddable":true,"href":"https:\/\/zonaroja.com.mx\/index.php?rest_route=%2Fwp%2Fv2%2Ftags&post=46469"}],"curies":[{"name":"wp","href":"https:\/\/api.w.org\/{rel}","templated":true}]}}