{"id":46473,"date":"2022-10-03T06:40:43","date_gmt":"2022-10-03T11:40:43","guid":{"rendered":"http:\/\/www.zonaroja.com.mx\/?p=46473"},"modified":"2022-10-03T07:05:23","modified_gmt":"2022-10-03T12:05:23","slug":"se-agrava-inseguridad-en-oaxaca-capital-dos-ejecutados-y-un-herido","status":"publish","type":"post","link":"https:\/\/zonaroja.com.mx\/?p=46473","title":{"rendered":"Se agrava inseguridad en Oaxaca capital: dos ejecutados y un herido"},"content":{"rendered":"\n<p>Ismael Garc\u00eda M.\/Zona Roja.<\/p>\n\n\n\n<p>Oaxaca de Ju\u00e1rez, Oax., a 3 de octubre de 2022.- La inseguridad se agrava en la ciudad de Oaxaca, a falta de operativos municipales, y anoche fueron ejecutadas dos personas y otra m\u00e1s result\u00f3 lesionada.<\/p>\n\n\n\n<p>Cerca de las 23:00 horas, sujetos armados dispararon en contra de individuos que iban a abordar una unidad de motor, en la calle Escuela Naval Militar casi esquina con Emilio Carranza, de la colonia Reforma.<\/p>\n\n\n\n<p>Tras las llamadas de auxilio de los vecinos, param\u00e9dicos de la Cruz Roja Mexicana y del Heroico Cuerpo de Bomberos arribaron al lugar, para brindar atenci\u00f3n a los lesionados.<\/p>\n\n\n\n<p>Sin embargo, confirmaron que dos de ellos ya hab\u00edan perdido la vida; el tercero fue trasladado en estado de salud grave al Hospital General \u201cDr. Aurelio Valdivieso\u201d.<\/p>\n\n\n\n<p>De manera preliminar se inform\u00f3 que una de las v\u00edctimas respond\u00eda al nombre de Antonio Cruz Mel\u00e9ndez, lo cual no ha sido confirmado por las autoridades.<\/p>\n\n\n\n<p>Tampoco hay personas detenidas ni caracter\u00edsticas de los agresores, que huyeron sin complicaciones, ante la nula presencia de polic\u00edas municipales en las calles.<\/p>\n\n\n\n<p>La Fiscal\u00eda General del Estado de Oaxaca inici\u00f3 las respectivas investigaciones para dar esclarecer el doble homicidio.<\/p>\n\n\n\n<figure class=\"wp-block-embed is-type-rich is-provider-twitter wp-block-embed-twitter\"><div class=\"wp-block-embed__wrapper\">\n<div class=\"twitter-tweet\"><blockquote class=\"twitter-tweet\" data-lang=\"es\"><p lang=\"es\" dir=\"ltr\"><a href=\"https:\/\/twitter.com\/hashtag\/OaxacaRojo?src=hash&amp;ref_src=twsrc%5Etfw\">#OaxacaRojo<\/a> <br>\u00bfY el titular del <a href=\"https:\/\/twitter.com\/MunicipioSeguro?ref_src=twsrc%5Etfw\">@MunicipioSeguro<\/a>, Ra\u00fal \u00c1vila Ibarra?<br>La ola de violencia crimina en la ciudad de <a href=\"https:\/\/twitter.com\/hashtag\/Oaxaca?src=hash&amp;ref_src=twsrc%5Etfw\">#Oaxaca<\/a> dej\u00f3 como saldo anoche dos personas del sexo masculino ejecutadas y una m\u00e1s lesionada. <br>Los hechos, en la calle Escuela Naval Militar de la colonia Reforma. <a href=\"https:\/\/t.co\/G4p0K98k5J\">pic.twitter.com\/G4p0K98k5J<\/a><\/p>&mdash; Zona Roja Oaxaca (@ZonaRoja_Oaxaca) <a href=\"https:\/\/twitter.com\/ZonaRoja_Oaxaca\/status\/1576906054243274755?ref_src=twsrc%5Etfw\">3 de octubre de 2022<\/a><\/blockquote><\/div>\n<\/div><\/figure>\n\n\n\n<p>OTRO EN JUQUILA<\/p>\n\n\n\n<p>Por otra parte, autoridades ministeriales confirmaron el asesinato de una persona del sexo masculino en Santa Catarina Juquila, municipio de la regi\u00f3n Costa del estado.<\/p>\n\n\n\n<p>La v\u00edctima fue identificada como Miguel \u00c1ngel Cervantes, de 39 a\u00f1os de edad, quien se hallaba la tarde del s\u00e1bado elaborando un entarimado para un velorio, en el barrio La Asunci\u00f3n, cuando fue atacado por sujetos a bordo de una motocicleta.<\/p>\n\n\n\n<p>DOS EN MIAHUATL\u00c1N<\/p>\n\n\n\n<p>Tambi\u00e9n el s\u00e1bado pero por la noche, en el interior de un bar denominado \u201cZelona\u201d del municipio de Miahuatl\u00e1n de Porfirio D\u00edaz, fueron ejecutados dos personas del sexo masculino y una femenina result\u00f3 lesionada.<\/p>\n\n\n\n<p>Las v\u00edctimas fueron identificadas como Juventino P. E. y H\u00e9ctor Rafael P.E., de 36 y 40 a\u00f1os de edad respectivamente, y eran hermanos, y hasta el momento se desconoce qui\u00e9n o qui\u00e9nes los ultimaron. El bar \u201cZelona\u201d, ubicado en la calle Riva Palacio n\u00famero 310, fue cerrado de manera temporal.<\/p>\n","protected":false},"excerpt":{"rendered":"<p>Ismael Garc\u00eda M.\/Zona Roja. Oaxaca de Ju\u00e1rez, Oax., a 3 de octubre de 2022.- La&hellip;<\/p>\n","protected":false},"author":2,"featured_media":46474,"comment_status":"closed","ping_status":"open","sticky":false,"template":"","format":"standard","meta":{"_lmt_disableupdate":"","_lmt_disable":"","_jetpack_memberships_contains_paid_content":false,"footnotes":""},"categories":[109,51],"tags":[148],"class_list":["post-46473","post","type-post","status-publish","format-standard","has-post-thumbnail","hentry","category-minuto-a-minuto","category-zona-roja","tag-oaxaca-de-juarez"],"jetpack_featured_media_url":"https:\/\/zonaroja.com.mx\/wp-content\/uploads\/2022\/10\/Asesinados-colonia-Reforma-ciudad-de-Oaxaca.jpg","jetpack_sharing_enabled":true,"_links":{"self":[{"href":"https:\/\/zonaroja.com.mx\/index.php?rest_route=\/wp\/v2\/posts\/46473","targetHints":{"allow":["GET"]}}],"collection":[{"href":"https:\/\/zonaroja.com.mx\/index.php?rest_route=\/wp\/v2\/posts"}],"about":[{"href":"https:\/\/zonaroja.com.mx\/index.php?rest_route=\/wp\/v2\/types\/post"}],"author":[{"embeddable":true,"href":"https:\/\/zonaroja.com.mx\/index.php?rest_route=\/wp\/v2\/users\/2"}],"replies":[{"embeddable":true,"href":"https:\/\/zonaroja.com.mx\/index.php?rest_route=%2Fwp%2Fv2%2Fcomments&post=46473"}],"version-history":[{"count":3,"href":"https:\/\/zonaroja.com.mx\/index.php?rest_route=\/wp\/v2\/posts\/46473\/revisions"}],"predecessor-version":[{"id":46477,"href":"https:\/\/zonaroja.com.mx\/index.php?rest_route=\/wp\/v2\/posts\/46473\/revisions\/46477"}],"wp:featuredmedia":[{"embeddable":true,"href":"https:\/\/zonaroja.com.mx\/index.php?rest_route=\/wp\/v2\/media\/46474"}],"wp:attachment":[{"href":"https:\/\/zonaroja.com.mx\/index.php?rest_route=%2Fwp%2Fv2%2Fmedia&parent=46473"}],"wp:term":[{"taxonomy":"category","embeddable":true,"href":"https:\/\/zonaroja.com.mx\/index.php?rest_route=%2Fwp%2Fv2%2Fcategories&post=46473"},{"taxonomy":"post_tag","embeddable":true,"href":"https:\/\/zonaroja.com.mx\/index.php?rest_route=%2Fwp%2Fv2%2Ftags&post=46473"}],"curies":[{"name":"wp","href":"https:\/\/api.w.org\/{rel}","templated":true}]}}