{"id":46478,"date":"2022-10-03T07:31:41","date_gmt":"2022-10-03T12:31:41","guid":{"rendered":"http:\/\/www.zonaroja.com.mx\/?p=46478"},"modified":"2022-10-03T07:31:42","modified_gmt":"2022-10-03T12:31:42","slug":"en-ultima-semana-registra-oaxaca-20-casos-de-covid-diarios-y-un-deceso","status":"publish","type":"post","link":"https:\/\/zonaroja.com.mx\/?p=46478","title":{"rendered":"En \u00faltima semana, registra Oaxaca 20 casos de Covid diarios y un deceso"},"content":{"rendered":"\n<p>Redacci\u00f3n\/Zona Roja.<\/p>\n\n\n\n<p>Oaxaca de Ju\u00e1rez, Oax. 02 de octubre de 2022.- La instituci\u00f3n Servicios de Salud de Oaxaca (SSO) dio a conocer que en el per\u00edodo del 25 de septiembre al 1 de octubre, la entidad registr\u00f3 143 contagios de Covid, lo que representa un promedio de 20 casos diarios.<\/p>\n\n\n\n<p>Asimismo, en un comunicado de prensa, precis\u00f3 que desde el surgimiento de la pandemia, la entidad registra un acumulado de 149 mil 567 casos confirmados del virus SARS-CoV-2.<\/p>\n\n\n\n<p>A\u00f1adi\u00f3 que el global de defunciones desde que lleg\u00f3 el Covid-19 al estado a la fecha, es de seis mil 339.&nbsp;<\/p>\n\n\n\n<p>En tanto, en el per\u00edodo que se informa se notific\u00f3 un lamentable deceso a causa de esta patolog\u00eda respiratoria; el promedio semanal de ocupaci\u00f3n hospitalaria fue de 7.2%.<\/p>\n\n\n\n<p>Indic\u00f3 que adem\u00e1s de vacunarse cuando corresponda, es necesario seguir aplicando con disciplina y responsabilidad las medidas sanitarias vigentes, como el uso correcto del cubrebocas, el lavado de manos frecuente con agua y jab\u00f3n o con soluciones alcoholadas al 70%, mantener la sana distancia, as\u00ed como priorizar lugares abiertos y con buena ventilaci\u00f3n.<\/p>\n\n\n\n<p>Los SSO exhortan a la poblaci\u00f3n a actuar con responsabilidad para priorizar la salud, a fin de coadyuvar a la reducci\u00f3n de la propagaci\u00f3n de la pandemia.<\/p>\n\n\n\n<figure class=\"wp-block-embed is-type-rich is-provider-twitter wp-block-embed-twitter\"><div class=\"wp-block-embed__wrapper\">\n<div class=\"twitter-tweet\"><blockquote class=\"twitter-tweet\" data-lang=\"es\"><p lang=\"es\" dir=\"ltr\"><a href=\"https:\/\/twitter.com\/hashtag\/%C3%9AltimoMinuto?src=hash&amp;ref_src=twsrc%5Etfw\">#\u00daltimoMinuto<\/a> <br>Los <a href=\"https:\/\/twitter.com\/SSO_GobOax?ref_src=twsrc%5Etfw\">@SSO_GobOax<\/a> reportaron este domingo que del 25 de septiembre al 1 de octubre, la entidad registr\u00f3 143 contagios y 1 fallecimiento a causa del Covid.<br>Hay 153 casos activos en 45 municipios. <br>Ocupaci\u00f3n hospitalaria promedio de 7.2% y 6 nosocomios llenos. <a href=\"https:\/\/t.co\/OPOFMK8WoU\">pic.twitter.com\/OPOFMK8WoU<\/a><\/p>&mdash; Zona Roja Oaxaca (@ZonaRoja_Oaxaca) <a href=\"https:\/\/twitter.com\/ZonaRoja_Oaxaca\/status\/1576739569848180737?ref_src=twsrc%5Etfw\">3 de octubre de 2022<\/a><\/blockquote><\/div>\n<\/div><\/figure>\n","protected":false},"excerpt":{"rendered":"<p>Redacci\u00f3n\/Zona Roja. Oaxaca de Ju\u00e1rez, Oax. 02 de octubre de 2022.- La instituci\u00f3n Servicios de&hellip;<\/p>\n","protected":false},"author":2,"featured_media":46479,"comment_status":"closed","ping_status":"open","sticky":false,"template":"","format":"standard","meta":{"_lmt_disableupdate":"","_lmt_disable":"","_jetpack_memberships_contains_paid_content":false,"footnotes":""},"categories":[109,47],"tags":[1512],"class_list":["post-46478","post","type-post","status-publish","format-standard","has-post-thumbnail","hentry","category-minuto-a-minuto","category-zona-gris","tag-coronavirus-oaxaca"],"jetpack_featured_media_url":"https:\/\/zonaroja.com.mx\/wp-content\/uploads\/2022\/10\/Marcha-Seccion-22-Covid-Oaxaca.jpg","jetpack_sharing_enabled":true,"_links":{"self":[{"href":"https:\/\/zonaroja.com.mx\/index.php?rest_route=\/wp\/v2\/posts\/46478","targetHints":{"allow":["GET"]}}],"collection":[{"href":"https:\/\/zonaroja.com.mx\/index.php?rest_route=\/wp\/v2\/posts"}],"about":[{"href":"https:\/\/zonaroja.com.mx\/index.php?rest_route=\/wp\/v2\/types\/post"}],"author":[{"embeddable":true,"href":"https:\/\/zonaroja.com.mx\/index.php?rest_route=\/wp\/v2\/users\/2"}],"replies":[{"embeddable":true,"href":"https:\/\/zonaroja.com.mx\/index.php?rest_route=%2Fwp%2Fv2%2Fcomments&post=46478"}],"version-history":[{"count":1,"href":"https:\/\/zonaroja.com.mx\/index.php?rest_route=\/wp\/v2\/posts\/46478\/revisions"}],"predecessor-version":[{"id":46480,"href":"https:\/\/zonaroja.com.mx\/index.php?rest_route=\/wp\/v2\/posts\/46478\/revisions\/46480"}],"wp:featuredmedia":[{"embeddable":true,"href":"https:\/\/zonaroja.com.mx\/index.php?rest_route=\/wp\/v2\/media\/46479"}],"wp:attachment":[{"href":"https:\/\/zonaroja.com.mx\/index.php?rest_route=%2Fwp%2Fv2%2Fmedia&parent=46478"}],"wp:term":[{"taxonomy":"category","embeddable":true,"href":"https:\/\/zonaroja.com.mx\/index.php?rest_route=%2Fwp%2Fv2%2Fcategories&post=46478"},{"taxonomy":"post_tag","embeddable":true,"href":"https:\/\/zonaroja.com.mx\/index.php?rest_route=%2Fwp%2Fv2%2Ftags&post=46478"}],"curies":[{"name":"wp","href":"https:\/\/api.w.org\/{rel}","templated":true}]}}