{"id":46481,"date":"2022-10-03T08:09:00","date_gmt":"2022-10-03T13:09:00","guid":{"rendered":"http:\/\/www.zonaroja.com.mx\/?p=46481"},"modified":"2022-10-03T10:01:58","modified_gmt":"2022-10-03T15:01:58","slug":"opinion-en-oaxaca-habra-transicion-de-poderes-en-paz-ordena-amlo","status":"publish","type":"post","link":"https:\/\/zonaroja.com.mx\/?p=46481","title":{"rendered":"Opini\u00f3n. En Oaxaca habr\u00e1 transici\u00f3n de poderes en paz, ordena AMLO"},"content":{"rendered":"\n<p>Ismael Garc\u00eda M.\/Zona Roja.<\/p>\n\n\n\n<p>Oaxaca de Ju\u00e1rez, Oax., a 3 de octubre de 2022.- \u00bfPreve\u00eda en Oaxaca un cambio de poderes violento, con bloqueos, marchas y protestas, como sucedi\u00f3 hace seis a\u00f1os?<\/p>\n\n\n\n<p>\u00bfEsperaba que con la llegada de Salom\u00f3n Jara Cruz al poder, a partir del 1 de diciembre, habr\u00eda paz, justicia, castigo a los corruptos, auditor\u00edas e investigaci\u00f3n contra probables saqueos? \u00bfCre\u00eda que con la Cuarta Transformaci\u00f3n ahora s\u00ed habr\u00eda justicia? Pues no.<\/p>\n\n\n\n<p>El domingo 2 de octubre de 2022 ser\u00e1 recordado como un d\u00eda especial para la vida pol\u00edtica del estado. No precisamente hist\u00f3rica, mucho menos democr\u00e1tica.&nbsp;<\/p>\n\n\n\n<p>Sino porque en esa fecha, el Presidente de M\u00e9xico, Andr\u00e9s Manuel L\u00f3pez Obrador, dio la orden en Oaxaca de una transici\u00f3n ordenada, un cambio de poderes pac\u00edfico, el pr\u00f3ximo 1 de diciembre.<\/p>\n\n\n\n<p>E incluso pidi\u00f3 que el mandatario saliente, Ismael Alejandro Murat Hinojosa, se diera la mano con su sucesor, Salom\u00f3n Jara Cruz. Priista y morenista sellaron as\u00ed un cambio de poderes terso\u2026 dos meses antes de la fecha marcada por la Constituci\u00f3n del estado y sin importar la injerencia federal.<\/p>\n\n\n\n<p>PREMONICIONES<\/p>\n\n\n\n<p>En ZONA ROJA ya lo hab\u00edamos escrito con mucha antelaci\u00f3n, incluso meses antes de las elecciones del pasado 5 de junio, en que hab\u00eda un pacto del gobierno oaxaque\u00f1o con L\u00f3pez Obrador para entregar el estado al Partido Morena.<\/p>\n\n\n\n<p>Tambi\u00e9n hemos escrito en este espacio que habr\u00e1 priistas (ulisistas y muratistas) en el gabinete de Jara Cruz, pese a que \u00e9ste lo niegue en p\u00fablico.<\/p>\n\n\n\n<p>El gobernador electo ten\u00eda previsto acudir el domingo 2 de octubre al 11 aniversario de la fundaci\u00f3n de Morena, en la capital.<\/p>\n\n\n\n<p>Pero una llamada telef\u00f3nica cambi\u00f3 su agenda y apenas le dio tiempo para grabar un mensaje alusivo a su partido, y para enviar a su esposa y a su hija en su representaci\u00f3n.<\/p>\n\n\n\n<p>La orden era presentarse el domingo en la Villa de Mitla, pues el Presidente quer\u00eda hablar con \u00e9l, previo al encuentro de inauguraci\u00f3n del banco Bienestar.<\/p>\n\n\n\n<p>&nbsp;As\u00ed sucedi\u00f3, por eso no tom\u00f3 por sorpresa a Jara las palabras del fundador de Morena en pleno evento:<\/p>\n\n\n\n<p>\u201cAlejandro Murat nos ha ayudado mucho y se lo agradecemos. Y vamos tambi\u00e9n a ayudar al gobernador electo, Salom\u00f3n Jara.<\/p>\n\n\n\n<p>\u201cMiren, la transici\u00f3n.. a ver p\u00e1rense y dense la mano aqu\u00ed (lo cual ocurri\u00f3 de inmediato)\u201d, orden\u00f3 L\u00f3pez Obrador.<\/p>\n\n\n\n<p>Y ni bien se iba el Presidente de la Villa de Mitla, y ya Salom\u00f3n Jara lo confirmaba as\u00ed en entrevista colectiva:<\/p>\n\n\n\n<p>\u201cHe visto una buena actitud de parte del gobernador, no as\u00ed en Tamaulipas, ayer (s\u00e1bado 1 de octubre) estuve en la toma de protesta de Am\u00e9rico Villarreal y corri\u00f3 el gobernador de Tamaulipas, aqu\u00ed es diferente, ha habido otro tipo de relaci\u00f3n, muy respetuosa y sobre todo muy buena relaci\u00f3n\u201d.<\/p>\n\n\n\n<p>\u201cTodav\u00eda no tenemos nuestra entrega recepci\u00f3n, esperemos ya cuando est\u00e9n los equipos de transici\u00f3n, ya sabemos qu\u00e9 va a pasar\u201d, dijo cuando le preguntaron acerca de auditor\u00edas o probables casos de corrupci\u00f3n.<\/p>\n\n\n\n<p>Tan contento est\u00e1 Salom\u00f3n Jara con Murat, que hace un mes hasta elogi\u00f3 la pol\u00edtica econ\u00f3mica actual e incluso dijo que copiar\u00eda dichos modelos para implementarlos en su mandato.<\/p>\n\n\n\n<p>ADEM\u00c1S RECONOCIDO<\/p>\n\n\n\n<p>El viernes, primer d\u00eda de la gira, L\u00f3pez Obrador no repar\u00f3 en elogios al priista Alejandro Murat e incluso anunci\u00f3 un reconocimiento, un homenaje, al gobernador; incluso, ah\u00ed mismo pidi\u00f3 revisar su agenda y estableci\u00f3 que ser\u00e1 cinco d\u00edas antes de que finalice el sexenio estatal.<\/p>\n\n\n\n<p>No es para menos el reconocimiento al gobernador oaxaque\u00f1o, pues ha apoyado pol\u00edticamente al mandatario mexicano en todo lo que ha pedido pol\u00edticamente, incluyendo el respaldo a las Fuerzas Armadas y la militarizaci\u00f3n del pa\u00eds.<\/p>\n\n\n\n<p>En realidad ambos no se han ruborizado al dirigirse mensajes halagadores y ahora Alejandro Murat tiene un futuro promisorio; primero, aceptar la invitaci\u00f3n de incorporarse al gabinete federal, en su caso a una embajada; segundo, tener todo el respaldo obradorista para dirigir el PRI nacional y de ah\u00ed buscar ser candidato a la Presidencia de la Rep\u00fablica.<\/p>\n\n\n\n<p>LAS OBRAS<\/p>\n\n\n\n<p>No ocultan su tersa y amigable relaci\u00f3n, aunque no se haya reflejado de manera suficiente en la obra p\u00fablica federal, pero s\u00ed en recursos presupuestales extraordinarios para el gobierno oaxaque\u00f1o, sin que se sepa el destino de millonarias transferencias.<\/p>\n\n\n\n<p>De las obras supervisadas por L\u00f3pez Obrador, a cuatro a\u00f1os de su mandato, el rompeolas registra apenas un avance del 40 por ciento, por incontables conflictos entre transportistas que se disputan la obra.<\/p>\n\n\n\n<p>Del Corredor Interoce\u00e1nico en general, ni siquiera hay cifra de avance y apenas este lunes, el ejido Estaci\u00f3n Mogo\u00f1\u00e9 inici\u00f3 un en\u00e9simo bloqueo a la v\u00eda f\u00e9rrea.<\/p>\n\n\n\n<p>La supercarretera Oaxaca-Istmo -iniciada en el sexenio de Jos\u00e9 Murat-, apenas lleva un 65.12 por ciento y, evidentemente, no ser\u00e1 concluida este a\u00f1o.<\/p>\n\n\n\n<p>Como tampoco terminar\u00e1n antes de que finalice el sexenio la supercarretera Oaxaca-Costa -iniciada por Ulises Ruiz-, que registra 83.85 por ciento.<\/p>\n\n\n\n<p>De 300 sucursales del banco Bienestar, el domingo en Mitla fue inaugurada la n\u00famero 102.<\/p>\n\n\n\n<p>De los caminos artesanales, poco se sabe del n\u00famero de accesos a municipios terminados, ante la opacidad del Instituto Nacional de Pueblos Ind\u00edgenas, que dirige el oaxaque\u00f1o Adelfo Regino, ausente del estado.<\/p>\n\n\n\n<p>As\u00ed que las megaobras de L\u00f3pez Obrador no ser\u00e1n inauguradas en el sexenio de Alejandro Murat. Pero eso no obsta para rendirle homenaje, por su apoyo pol\u00edtico m\u00e1s que por sus acciones de bienestar para el estado.<\/p>\n\n\n\n<p>Eso s\u00ed, no se sabe si los cuatro millones de oaxaque\u00f1os est\u00e1 contentos con los seis a\u00f1os de gobierno de Murat. Pero s\u00ed lo est\u00e1 el Presidente de M\u00e9xico, s\u00ed, aquel que cuando candidato, muchas veces critic\u00f3 la corrupci\u00f3n de los priistas, el dispendio, la opacidad.<\/p>\n\n\n\n<p>En realidad tampoco L\u00f3pez Obrador hizo una consulta al pueblo bueno y sabio de Oaxaca para el homenaje, pero eso es lo que menos importa.<\/p>\n\n\n\n<p>El caso es que, con aval o no de los oaxaque\u00f1os, habr\u00e1 reconocimiento a Alejandro Murat una semana antes de que concluya su sexenio.&nbsp;<\/p>\n\n\n\n<p>Porque le seguir\u00e1 siendo \u00fatil pol\u00edticamente al Presidente, a cambio de no indagar en las cuentas p\u00fablicas de los seis a\u00f1os.&nbsp;<\/p>\n","protected":false},"excerpt":{"rendered":"<p>Ismael Garc\u00eda M.\/Zona Roja. Oaxaca de Ju\u00e1rez, Oax., a 3 de octubre de 2022.- \u00bfPreve\u00eda&hellip;<\/p>\n","protected":false},"author":2,"featured_media":41735,"comment_status":"closed","ping_status":"open","sticky":false,"template":"","format":"standard","meta":{"_lmt_disableupdate":"","_lmt_disable":"","_jetpack_memberships_contains_paid_content":false,"footnotes":""},"categories":[456,109,48],"tags":[1353],"class_list":["post-46481","post","type-post","status-publish","format-standard","has-post-thumbnail","hentry","category-columna","category-minuto-a-minuto","category-zona-critica","tag-opinion-zona-critica"],"jetpack_featured_media_url":"https:\/\/zonaroja.com.mx\/wp-content\/uploads\/2022\/05\/Opinion-Ismael-Garcia-M.jpg","jetpack_sharing_enabled":true,"_links":{"self":[{"href":"https:\/\/zonaroja.com.mx\/index.php?rest_route=\/wp\/v2\/posts\/46481","targetHints":{"allow":["GET"]}}],"collection":[{"href":"https:\/\/zonaroja.com.mx\/index.php?rest_route=\/wp\/v2\/posts"}],"about":[{"href":"https:\/\/zonaroja.com.mx\/index.php?rest_route=\/wp\/v2\/types\/post"}],"author":[{"embeddable":true,"href":"https:\/\/zonaroja.com.mx\/index.php?rest_route=\/wp\/v2\/users\/2"}],"replies":[{"embeddable":true,"href":"https:\/\/zonaroja.com.mx\/index.php?rest_route=%2Fwp%2Fv2%2Fcomments&post=46481"}],"version-history":[{"count":2,"href":"https:\/\/zonaroja.com.mx\/index.php?rest_route=\/wp\/v2\/posts\/46481\/revisions"}],"predecessor-version":[{"id":46486,"href":"https:\/\/zonaroja.com.mx\/index.php?rest_route=\/wp\/v2\/posts\/46481\/revisions\/46486"}],"wp:featuredmedia":[{"embeddable":true,"href":"https:\/\/zonaroja.com.mx\/index.php?rest_route=\/wp\/v2\/media\/41735"}],"wp:attachment":[{"href":"https:\/\/zonaroja.com.mx\/index.php?rest_route=%2Fwp%2Fv2%2Fmedia&parent=46481"}],"wp:term":[{"taxonomy":"category","embeddable":true,"href":"https:\/\/zonaroja.com.mx\/index.php?rest_route=%2Fwp%2Fv2%2Fcategories&post=46481"},{"taxonomy":"post_tag","embeddable":true,"href":"https:\/\/zonaroja.com.mx\/index.php?rest_route=%2Fwp%2Fv2%2Ftags&post=46481"}],"curies":[{"name":"wp","href":"https:\/\/api.w.org\/{rel}","templated":true}]}}