{"id":46483,"date":"2022-10-03T08:47:29","date_gmt":"2022-10-03T13:47:29","guid":{"rendered":"http:\/\/www.zonaroja.com.mx\/?p=46483"},"modified":"2022-10-03T08:47:31","modified_gmt":"2022-10-03T13:47:31","slug":"sin-violencia-eligen-a-ediles-de-xanica-y-de-san-agustin-loxicha","status":"publish","type":"post","link":"https:\/\/zonaroja.com.mx\/?p=46483","title":{"rendered":"Sin violencia, eligen a ediles de Xanica y de San Agust\u00edn Loxicha"},"content":{"rendered":"\n<p>Ismael Garc\u00eda M.\/Zona Roja.<\/p>\n\n\n\n<p>Oaxaca de Ju\u00e1rez, Oax., a 3 de octubre de 2022.- Pese a antecedentes de violencia, dos municipios de la regi\u00f3n Sierra Sur de Oaxaca eligieron ayer sin contratiempos a sus autoridades municipales.<\/p>\n\n\n\n<p>Se trata de San Agust\u00edn Loxicha y Santiago Xanica, que se rigen por Sistemas Normativos Ind\u00edgenas, es decir, que eligen a sus representantes mediante asambleas, en la mayor\u00eda de los casos a mano alzada.<\/p>\n\n\n\n<p>En el caso de Xanica, donde en diciembre culmina su trienio una mujer violentada en sus derechos y f\u00edsicamente, A\u00edda Hern\u00e1ndez Moreno -a quien adem\u00e1s le mataron a su esposo y no la dejaron gobernar desde la comunidad-, fue electa otra femenina:&nbsp;<\/p>\n\n\n\n<p>M\u00edrima D\u00edaz, que logr\u00f3 479 votos, contra 347 de su m\u00e1s cercano competidor, Ren\u00e9 Jarqu\u00edn; en el proceso contendieron seis aspirantes de los cuales cuatro eran mujeres.<\/p>\n\n\n\n<p>En Loxicha, no obstante la presencia de grupos armados, que incluso impidieron la presencia de la Polic\u00eda Estatal y la Guardia Nacional, obtuvo el triunfo Jos\u00e9 Jos\u00e9 Mart\u00ednez, a quien llaman candidato oficial del edil Jaime Santiago, padre del diputado local Jaime Mois\u00e9s Santiago.<\/p>\n\n\n\n<p>El perdedor en este caso fue el ex diputado local, ex diputado local, ex edil y ex funcionario estatal \u00d3scar Valencia Garc\u00eda, a quien se le ha vinculado con grupos armados.<\/p>\n\n\n\n<p>La Secretar\u00eda de Seguridad P\u00fablica Estatal inform\u00f3 que que mantuvo operativos de disuasi\u00f3n en municipios donde hubo asambleas este domingo.<\/p>\n","protected":false},"excerpt":{"rendered":"<p>Ismael Garc\u00eda M.\/Zona Roja. Oaxaca de Ju\u00e1rez, Oax., a 3 de octubre de 2022.- Pese&hellip;<\/p>\n","protected":false},"author":2,"featured_media":46484,"comment_status":"closed","ping_status":"open","sticky":false,"template":"","format":"standard","meta":{"_lmt_disableupdate":"","_lmt_disable":"","_jetpack_memberships_contains_paid_content":false,"footnotes":""},"categories":[109,46],"tags":[829,628],"class_list":["post-46483","post","type-post","status-publish","format-standard","has-post-thumbnail","hentry","category-minuto-a-minuto","category-zona-blanca","tag-san-agustin-loxicha","tag-santiago-xanica"],"jetpack_featured_media_url":"https:\/\/zonaroja.com.mx\/wp-content\/uploads\/2022\/10\/Ediles-Xanica-y-Loxicha.jpg","jetpack_sharing_enabled":true,"_links":{"self":[{"href":"https:\/\/zonaroja.com.mx\/index.php?rest_route=\/wp\/v2\/posts\/46483","targetHints":{"allow":["GET"]}}],"collection":[{"href":"https:\/\/zonaroja.com.mx\/index.php?rest_route=\/wp\/v2\/posts"}],"about":[{"href":"https:\/\/zonaroja.com.mx\/index.php?rest_route=\/wp\/v2\/types\/post"}],"author":[{"embeddable":true,"href":"https:\/\/zonaroja.com.mx\/index.php?rest_route=\/wp\/v2\/users\/2"}],"replies":[{"embeddable":true,"href":"https:\/\/zonaroja.com.mx\/index.php?rest_route=%2Fwp%2Fv2%2Fcomments&post=46483"}],"version-history":[{"count":1,"href":"https:\/\/zonaroja.com.mx\/index.php?rest_route=\/wp\/v2\/posts\/46483\/revisions"}],"predecessor-version":[{"id":46485,"href":"https:\/\/zonaroja.com.mx\/index.php?rest_route=\/wp\/v2\/posts\/46483\/revisions\/46485"}],"wp:featuredmedia":[{"embeddable":true,"href":"https:\/\/zonaroja.com.mx\/index.php?rest_route=\/wp\/v2\/media\/46484"}],"wp:attachment":[{"href":"https:\/\/zonaroja.com.mx\/index.php?rest_route=%2Fwp%2Fv2%2Fmedia&parent=46483"}],"wp:term":[{"taxonomy":"category","embeddable":true,"href":"https:\/\/zonaroja.com.mx\/index.php?rest_route=%2Fwp%2Fv2%2Fcategories&post=46483"},{"taxonomy":"post_tag","embeddable":true,"href":"https:\/\/zonaroja.com.mx\/index.php?rest_route=%2Fwp%2Fv2%2Ftags&post=46483"}],"curies":[{"name":"wp","href":"https:\/\/api.w.org\/{rel}","templated":true}]}}