{"id":46493,"date":"2022-10-03T15:55:30","date_gmt":"2022-10-03T20:55:30","guid":{"rendered":"http:\/\/www.zonaroja.com.mx\/?p=46493"},"modified":"2022-10-03T15:55:43","modified_gmt":"2022-10-03T20:55:43","slug":"muere-tercer-baleado-en-oaxaca-capital-suman-14-crimenes-en-visita-de-amlo","status":"publish","type":"post","link":"https:\/\/zonaroja.com.mx\/?p=46493","title":{"rendered":"Muere tercer baleado en Oaxaca capital; suman 14 cr\u00edmenes en visita de AMLO"},"content":{"rendered":"\n<p>Ismael Garc\u00eda M.\/Zona Roja.<\/p>\n\n\n\n<p>Oaxaca de Ju\u00e1rez, Oax., a 3 de octubre de 2022.- La tercera persona baleada en la ciudad de Oaxaca falleci\u00f3 la ma\u00f1ana de hoy en un hospital, con lo que suman tres las v\u00edctimas del ataque armado perpetrado anoche.<\/p>\n\n\n\n<p>De acuerdo con informaci\u00f3n de fuentes oficiales, la v\u00edctima fue identificada con las iniciales E. A. de la H. G., de 32 a\u00f1os de edad, originaria de Jalapa del Marqu\u00e9s, en la regi\u00f3n del Istmo, y era trabajador de la empresa Sepec, compa\u00f1\u00eda de perforaci\u00f3n y reactivaci\u00f3n de pozos petroleros.<\/p>\n\n\n\n<p>Mientras que los dos muertos anoche, en la agresi\u00f3n ocurrida junto a un coche marca Volkswgen, tipo Passat, con placas TMT-7234, en la calle Heroica Escuela Naval Militar esquina con Emilio Carranza de la colonia Reforma, fueron Antonio C. M. y Nicol\u00e1s J. H., originarios de Veracruz.<\/p>\n\n\n\n<p>La Fiscal\u00eda General del Estado de Oaxaca inform\u00f3 que dio inicio a la Carpeta de Investigaci\u00f3n 34020\/FDAI\/UEIH\/2022 y que personal especializado de Fiscal\u00eda Especializada en Delitos de Alto Impacto inici\u00f3 las indagatorias.<\/p>\n\n\n\n<p>M\u00daLTIPLES CR\u00cdMENES<\/p>\n\n\n\n<p>Con esas tres v\u00edctimas suman al menos 14 personas asesinadas a balazos en la entidad, durante el lapso de la visita del Presidente Andr\u00e9s Manuel L\u00f3pez Obrador, del viernes al domingo.<\/p>\n\n\n\n<p>La jornada inici\u00f3 con el asesinato de un comerciante en el interior de su local, en la ciudad de San Juan Bautista Tuxtepec.<\/p>\n\n\n\n<p>La madrugada del s\u00e1bado fueron ultimadas a balazos tres personas en inmediaciones de Monjas, municipio del distrito de Miahuatl\u00e1n, entre ellas una mujer, tras una emboscada a un veh\u00edculo tipo Tsuru, marca Nissan.<\/p>\n\n\n\n<p>El mismo d\u00eda pero en la noche, en Miahuatl\u00e1n de Porfirio D\u00edaz fueron asesinados en el interior de un bar dos personas del sexo masculino, adem\u00e1s de resultar lesionada una mujer, originaria de Tijuana, Baja California.<\/p>\n\n\n\n<p>Otra persona fue ultimada a balazos en la zona Triqui del municipio de Santiago Juxtlahuaca y una m\u00e1s en Santa Catarina Juquila.<\/p>\n\n\n\n<p>El domingo al mediod\u00eda, en Santiago Xanica fue privada de la vida una persona del sexo masculino, identificado de manera preliminar como Jacinto L\u00f3pez. Present\u00f3 lesiones producidas por un machete y el cuerpo fue hallado camino a la rancher\u00eda San Jer\u00f3nimo.<\/p>\n\n\n\n<p>Tambi\u00e9n ayer pero en Mar\u00eda Lombardo, agencia de San Juan Cotzoc\u00f3n Mixe, confirmaron el asesinato de un individuo, identificado como Erasmo V. M., &nbsp;<\/p>\n\n\n\n<p>Mientras que anoche en San Mart\u00edn Itunyoso, municipio de la regi\u00f3n Mixteca, se registr\u00f3 una ri\u00f1a, que dej\u00f3 como saldo una v\u00edctima fatal, Pedro D. M., ex edil, y un lesionado.<\/p>\n\n\n\n<p>Y cerca de la media noche, en la colonia Reforma de la ciudad de Oaxaca fueron atacadas a balazos tres personas, dos murieron en el sitio y la tercera la ma\u00f1ana de hoy.<\/p>\n","protected":false},"excerpt":{"rendered":"<p>Ismael Garc\u00eda M.\/Zona Roja. Oaxaca de Ju\u00e1rez, Oax., a 3 de octubre de 2022.- La&hellip;<\/p>\n","protected":false},"author":2,"featured_media":46494,"comment_status":"closed","ping_status":"open","sticky":false,"template":"","format":"standard","meta":{"_lmt_disableupdate":"","_lmt_disable":"","_jetpack_memberships_contains_paid_content":false,"footnotes":""},"categories":[109,51],"tags":[148],"class_list":["post-46493","post","type-post","status-publish","format-standard","has-post-thumbnail","hentry","category-minuto-a-minuto","category-zona-roja","tag-oaxaca-de-juarez"],"jetpack_featured_media_url":"https:\/\/zonaroja.com.mx\/wp-content\/uploads\/2022\/10\/Asesinado-ciudad-de-Oaxaca.jpg","jetpack_sharing_enabled":true,"_links":{"self":[{"href":"https:\/\/zonaroja.com.mx\/index.php?rest_route=\/wp\/v2\/posts\/46493","targetHints":{"allow":["GET"]}}],"collection":[{"href":"https:\/\/zonaroja.com.mx\/index.php?rest_route=\/wp\/v2\/posts"}],"about":[{"href":"https:\/\/zonaroja.com.mx\/index.php?rest_route=\/wp\/v2\/types\/post"}],"author":[{"embeddable":true,"href":"https:\/\/zonaroja.com.mx\/index.php?rest_route=\/wp\/v2\/users\/2"}],"replies":[{"embeddable":true,"href":"https:\/\/zonaroja.com.mx\/index.php?rest_route=%2Fwp%2Fv2%2Fcomments&post=46493"}],"version-history":[{"count":2,"href":"https:\/\/zonaroja.com.mx\/index.php?rest_route=\/wp\/v2\/posts\/46493\/revisions"}],"predecessor-version":[{"id":46496,"href":"https:\/\/zonaroja.com.mx\/index.php?rest_route=\/wp\/v2\/posts\/46493\/revisions\/46496"}],"wp:featuredmedia":[{"embeddable":true,"href":"https:\/\/zonaroja.com.mx\/index.php?rest_route=\/wp\/v2\/media\/46494"}],"wp:attachment":[{"href":"https:\/\/zonaroja.com.mx\/index.php?rest_route=%2Fwp%2Fv2%2Fmedia&parent=46493"}],"wp:term":[{"taxonomy":"category","embeddable":true,"href":"https:\/\/zonaroja.com.mx\/index.php?rest_route=%2Fwp%2Fv2%2Fcategories&post=46493"},{"taxonomy":"post_tag","embeddable":true,"href":"https:\/\/zonaroja.com.mx\/index.php?rest_route=%2Fwp%2Fv2%2Ftags&post=46493"}],"curies":[{"name":"wp","href":"https:\/\/api.w.org\/{rel}","templated":true}]}}