{"id":46503,"date":"2022-10-03T16:11:09","date_gmt":"2022-10-03T21:11:09","guid":{"rendered":"http:\/\/www.zonaroja.com.mx\/?p=46503"},"modified":"2022-10-03T16:11:10","modified_gmt":"2022-10-03T21:11:10","slug":"bajo-proceso-tres-ex-autoridades-de-san-andres-zautla-por-violencia-politica","status":"publish","type":"post","link":"https:\/\/zonaroja.com.mx\/?p=46503","title":{"rendered":"Bajo proceso, tres ex autoridades de San Andr\u00e9s Zautla, por violencia pol\u00edtica"},"content":{"rendered":"\n<p>Redacci\u00f3n\/Zona Roja.<\/p>\n\n\n\n<p>Oaxaca de Ju\u00e1rez, Oax., a 3 de octubre de 2022.- En un hecho hist\u00f3rico a nivel estatal, la Fiscal\u00eda General del Estado de Oaxaca (FGEO) obtuvo el primer auto de vinculaci\u00f3n a proceso (segundo a nivel nacional) contra tres ex funcionarios del municipio de San Andr\u00e9s Zautla, por su probable responsabilidad en la comisi\u00f3n del delito de violencia pol\u00edtica en agravio de la mujer M. E. A. P., ex tesorera de la agencia de San Isidro, cometido en la regi\u00f3n de Valles Centrales.<\/p>\n\n\n\n<p>De acuerdo con las carpetas de investigaci\u00f3n 4173\/FEDE\/2021 y 4856\/FVCE\/ETLA\/2021, entre los meses de diciembre de 2019 y enero de 2020, la v\u00edctima solicit\u00f3 a los ex funcionarios L. A. S. M. (quien fung\u00eda como presidente municipal de San Andr\u00e9s Zautla), P. A. A. A. y R. M. H. (entonces responsables de la ampliaci\u00f3n de agua potable) que presentaran el proyecto de rehabilitaci\u00f3n del sistema de agua potable de la agencia de San Isidro, sin que estos proporcionaran los documentos correspondientes.<\/p>\n\n\n\n<p>Posteriormente, el 23 de febrero de 2020, en la asamblea del pueblo, probablemente ejercieron violencia pol\u00edtica contra la v\u00edctima al solicitar su destituci\u00f3n, acus\u00e1ndola de mala administraci\u00f3n en el proyecto mencionado anteriormente.<\/p>\n\n\n\n<p>Ante este hecho y tras la denuncia de la v\u00edctima, la instituci\u00f3n de procuraci\u00f3n de justicia intervino -a trav\u00e9s de la Fiscal\u00eda Especializada en Delitos Electorales- y realiz\u00f3 los actos de investigaci\u00f3n correspondientes que permitieron la presentaci\u00f3n de los ex funcionarios ante la autoridad competente.<\/p>\n\n\n\n<p>En audiencia, el Juez de Control dict\u00f3 auto de vinculaci\u00f3n a proceso contra los masculinos L. A. S. M., P. A. A. A. y R. M. H., otorgando cinco meses para el cierre de investigaci\u00f3n complementaria.<\/p>\n\n\n\n<p>La Fiscal\u00eda General de Oaxaca investiga y persigue casos de violencia pol\u00edtica, procurando justicia a las v\u00edctimas en materia penal electoral.<\/p>\n\n\n\n<p>OTRO POR SUSTRACCI\u00d3N<\/p>\n\n\n\n<p>En otro caso, la Fiscal\u00eda General del Estado obtuvo, del Juzgado de Control, auto de vinculaci\u00f3n a proceso contra la persona del sexo masculino identificada como R. V. Y., probable part\u00edcipe en el delito de sustracci\u00f3n de menores en agravio de su nieto, cometido en la regi\u00f3n de Valles Centrales.<\/p>\n\n\n\n<p>De acuerdo con la carpeta de investigaci\u00f3n 13000\/FMUJ\/UDNA\/2019, el 15 de abril de 2019, la madre del menor de edad -de identidad reservada por Ley- lo llev\u00f3 al centro comercial Plaza Bella, ubicado en la agencia de Montoya dentro de la ciudad de Oaxaca de Ju\u00e1rez, para que conviviera con su abuelo (imputado); sin embargo, el 17 de abril, cuando la madre se comunic\u00f3 con \u00e9l para que entregara al ni\u00f1o, este le inform\u00f3 que ya se encontraba en Estados Unidos de Norteam\u00e9rica con su pap\u00e1.&nbsp;<\/p>\n\n\n\n<p>Ante este hecho, la FGEO intervino e inici\u00f3 los actos de investigaci\u00f3n correspondientes, que permitieron dar con el paradero del probable responsable, quien fue aprehendido y presentado ante la autoridad ministerial correspondiente.<\/p>\n\n\n\n<p>Respecto a la situaci\u00f3n jur\u00eddica del imputado, en audiencia y tras validar los datos de prueba proporcionados por la Fiscal\u00eda Especializada en Atenci\u00f3n a Delitos contra la Mujer por Raz\u00f3n de G\u00e9nero, el Juez en turno determin\u00f3 vincularlo a proceso y otorg\u00f3 dos meses para el cierre de investigaci\u00f3n complementaria.<\/p>\n","protected":false},"excerpt":{"rendered":"<p>Redacci\u00f3n\/Zona Roja. Oaxaca de Ju\u00e1rez, Oax., a 3 de octubre de 2022.- En un hecho&hellip;<\/p>\n","protected":false},"author":2,"featured_media":46504,"comment_status":"closed","ping_status":"open","sticky":false,"template":"","format":"standard","meta":{"_lmt_disableupdate":"","_lmt_disable":"","_jetpack_memberships_contains_paid_content":false,"footnotes":""},"categories":[109,46],"tags":[494],"class_list":["post-46503","post","type-post","status-publish","format-standard","has-post-thumbnail","hentry","category-minuto-a-minuto","category-zona-blanca","tag-fiscalia-general-del-estado-de-oaxaca"],"jetpack_featured_media_url":"https:\/\/zonaroja.com.mx\/wp-content\/uploads\/2022\/10\/San-Andres-Zautla.jpeg","jetpack_sharing_enabled":true,"_links":{"self":[{"href":"https:\/\/zonaroja.com.mx\/index.php?rest_route=\/wp\/v2\/posts\/46503","targetHints":{"allow":["GET"]}}],"collection":[{"href":"https:\/\/zonaroja.com.mx\/index.php?rest_route=\/wp\/v2\/posts"}],"about":[{"href":"https:\/\/zonaroja.com.mx\/index.php?rest_route=\/wp\/v2\/types\/post"}],"author":[{"embeddable":true,"href":"https:\/\/zonaroja.com.mx\/index.php?rest_route=\/wp\/v2\/users\/2"}],"replies":[{"embeddable":true,"href":"https:\/\/zonaroja.com.mx\/index.php?rest_route=%2Fwp%2Fv2%2Fcomments&post=46503"}],"version-history":[{"count":1,"href":"https:\/\/zonaroja.com.mx\/index.php?rest_route=\/wp\/v2\/posts\/46503\/revisions"}],"predecessor-version":[{"id":46505,"href":"https:\/\/zonaroja.com.mx\/index.php?rest_route=\/wp\/v2\/posts\/46503\/revisions\/46505"}],"wp:featuredmedia":[{"embeddable":true,"href":"https:\/\/zonaroja.com.mx\/index.php?rest_route=\/wp\/v2\/media\/46504"}],"wp:attachment":[{"href":"https:\/\/zonaroja.com.mx\/index.php?rest_route=%2Fwp%2Fv2%2Fmedia&parent=46503"}],"wp:term":[{"taxonomy":"category","embeddable":true,"href":"https:\/\/zonaroja.com.mx\/index.php?rest_route=%2Fwp%2Fv2%2Fcategories&post=46503"},{"taxonomy":"post_tag","embeddable":true,"href":"https:\/\/zonaroja.com.mx\/index.php?rest_route=%2Fwp%2Fv2%2Ftags&post=46503"}],"curies":[{"name":"wp","href":"https:\/\/api.w.org\/{rel}","templated":true}]}}