{"id":46506,"date":"2022-10-03T19:30:20","date_gmt":"2022-10-04T00:30:20","guid":{"rendered":"http:\/\/www.zonaroja.com.mx\/?p=46506"},"modified":"2022-10-03T19:30:22","modified_gmt":"2022-10-04T00:30:22","slug":"bloqueos-abren-semana-en-oaxaca-en-istmo-capital-y-costa","status":"publish","type":"post","link":"https:\/\/zonaroja.com.mx\/?p=46506","title":{"rendered":"Bloqueos abren semana en Oaxaca, en Istmo, capital y Costa"},"content":{"rendered":"\n<p>Yuridiana Sosa\/Zona Roja.<\/p>\n\n\n\n<p>Oaxaca de Ju\u00e1rez, Oax., a 3 de octubre de 2022.- Pobladores, autoridades comunitarias y organizaciones de Oaxaca abrieron semana laboral con protestas y bloqueos en la capital, el Istmo y la Costa.<\/p>\n\n\n\n<p>Desde las primeras horas del d\u00eda, integrantes de la Asamblea Comunitaria de Puente Madera, de San Blas Atempa, bloquearon la carretera 185 frente al entronque de su poblaci\u00f3n, afectando el tramo Juchit\u00e1n-Tehuantepec.<\/p>\n\n\n\n<p>Los habitantes rechazan la construcci\u00f3n de un parque industrial como parte del Corredor Interoce\u00e1nico del Istmo de Tehuantepec (CIIT) en dicho municipio, por lo que sostuvieron su defensa a la tierra y los derechos de los pueblos ind\u00edgenas; por la tarde retiraron su protesta.<\/p>\n\n\n\n<p>Otra de las afectaciones para el megaproyecto del gobierno federal se registr\u00f3 en las v\u00edas f\u00e9rreas en la comunidad de Estaci\u00f3n Mogo\u00f1\u00e9 de San Juan Guichicovi, donde habitantes bloquearon el paso y la obra en las v\u00edas para exigir el pago de la indemnizaci\u00f3n de sus tierras.<\/p>\n\n\n\n<p>Pese a la amenaza que realizaron desde el viernes, sobre esta acci\u00f3n, ninguna autoridad logr\u00f3 conciliaci\u00f3n y desde la ma\u00f1ana de este lunes se desarrolla la protesta de manera indefinida, pues acusan que la Secretar\u00eda de Desarrollo, Agrario Territorial y Urbano (Sedatu) s\u00f3lo obstaculiza los proceso para su pago a pesar de sentencias de tribunales agrarios para liquidar el problema.<\/p>\n\n\n\n<p>Por otra parte, en la regi\u00f3n de la Costa tambi\u00e9n se registr\u00f3 un bloqueo en la carretera federal 200 que conecta a Pinotepa con Acapulco, en el kil\u00f3metro 245 en El Ret\u00e9n, de Pinotepa Nacional.<\/p>\n\n\n\n<p>Integrantes de la Alianza de Transportistas de la Costa se inconformaron por permisos para la circulaci\u00f3n de mototaxis que emiti\u00f3 la presidenta municipal Vilma Reyes Mart\u00ednez en Santa Mar\u00eda Huazolotitl\u00e1n.<\/p>\n\n\n\n<p>Los transportistas demandaron la intervenci\u00f3n del gobernador Alejandro Murat Hinojosa para invalidar dichos permisos.<\/p>\n\n\n\n<p>EN LA CIUDAD<\/p>\n\n\n\n<p>En la capital del estado, esta ma\u00f1ana arribaron integrantes de la organizaci\u00f3n Frente Ind\u00edgena de los Pueblos Olvidados de Oaxaca (FIPOO), provenientes de varias regiones de la entidad, con el fin de realizar bloqueos ante la desatenci\u00f3n del Gobierno del Estado a sus diversas demandas.<\/p>\n\n\n\n<p>Desde el viernes pasado, el grupo advirti\u00f3 de su arribo a Oaxaca de Ju\u00e1rez y efectuar presencia en varios puntos de la regi\u00f3n de Valles Centrales para demandar soluci\u00f3n a la Secretar\u00eda General de Gobierno, a la Coordinaci\u00f3n General del Comit\u00e9 Estatal de Planeaci\u00f3n para el Desarrollo de Oaxaca (Coplade) y a la Secretar\u00eda de Fianzas.<\/p>\n\n\n\n<p>Durante este lunes se limitaron a reunirse en jard\u00edn Madero de la capital, en espera de respuesta de sus exigencias por parte de las autoridades.<\/p>\n\n\n\n<p>Por otra parte, trabajadores sindicalizados del Registro Civil de Oaxaca se manifestaron en sus oficinas en la capital, ubicadas en la parte posterior del ex convento de los Siete Pr\u00edncipes, ante malas condiciones de infraestructura y falta de insumos para desarrollar su trabajo.<\/p>\n\n\n\n<p>Pegaron cartulinas en el acceso al inmueble para demandar atenci\u00f3n a este problema, pues a partir de este lunes se incorporaron un mayor n\u00famero de trabajadores que se encontraban ausentes por la pandemia de covid.<\/p>\n\n\n\n<p>CONTINUARON M\u00c1S PROTESTAS<\/p>\n\n\n\n<p>Por tercer d\u00eda consecutivo, habitantes de Monjas mantienen un bloqueo en la carretera federal 175, tramo Oaxaca \u2013 Puerto \u00c1ngel, a la altura del kil\u00f3metro 95.<\/p>\n\n\n\n<p>El grupo de inconformes rechaza la apertura de un tiradero a cielo abierto con anuencia del edil Miguel Luis Cruz Z\u00farita, permitiendo que tambi\u00e9n el municipio de Miahuatl\u00e1n de Porfirio D\u00edaz deposite sus desechos.<\/p>\n\n\n\n<p>Ante la inconformidad, los habitantes impidieron el paso de camiones cargados de basura, los cuales tambi\u00e9n ocuparon para bloquear el camino. Exigen que sea removido ese vertedero, pues adem\u00e1s de contaminar el medio ambiente causa graves da\u00f1os a la salud de los vecinos.<\/p>\n\n\n\n<p>En tanto, desde hace una semana familiares de los 10 pobladores de Santiago Progreso, Valle Nacional retenidos en San Pedro Ozumac\u00edn llevan a cabo una huelga de hambre para exigir al gobierno estatal y federal la liberaci\u00f3n de los hombres.<\/p>\n\n\n\n<p>Las esposas de los retenidos, instaladas frente a Palacio Federal en la capital del Estado, se\u00f1alan que la Secretar\u00eda General de Gobierno no realiza las deficientes acciones para dar fin a la privaci\u00f3n ilegal de la libertad.<\/p>\n","protected":false},"excerpt":{"rendered":"<p>Yuridiana Sosa\/Zona Roja. Oaxaca de Ju\u00e1rez, Oax., a 3 de octubre de 2022.- Pobladores, autoridades&hellip;<\/p>\n","protected":false},"author":2,"featured_media":46507,"comment_status":"closed","ping_status":"open","sticky":false,"template":"","format":"standard","meta":{"_lmt_disableupdate":"","_lmt_disable":"","_jetpack_memberships_contains_paid_content":false,"footnotes":""},"categories":[109,47],"tags":[179],"class_list":["post-46506","post","type-post","status-publish","format-standard","has-post-thumbnail","hentry","category-minuto-a-minuto","category-zona-gris","tag-san-blas-atempa"],"jetpack_featured_media_url":"https:\/\/zonaroja.com.mx\/wp-content\/uploads\/2022\/10\/Bloqueo-Puente-Madera-San-Blas-Atempa.jpeg","jetpack_sharing_enabled":true,"_links":{"self":[{"href":"https:\/\/zonaroja.com.mx\/index.php?rest_route=\/wp\/v2\/posts\/46506","targetHints":{"allow":["GET"]}}],"collection":[{"href":"https:\/\/zonaroja.com.mx\/index.php?rest_route=\/wp\/v2\/posts"}],"about":[{"href":"https:\/\/zonaroja.com.mx\/index.php?rest_route=\/wp\/v2\/types\/post"}],"author":[{"embeddable":true,"href":"https:\/\/zonaroja.com.mx\/index.php?rest_route=\/wp\/v2\/users\/2"}],"replies":[{"embeddable":true,"href":"https:\/\/zonaroja.com.mx\/index.php?rest_route=%2Fwp%2Fv2%2Fcomments&post=46506"}],"version-history":[{"count":1,"href":"https:\/\/zonaroja.com.mx\/index.php?rest_route=\/wp\/v2\/posts\/46506\/revisions"}],"predecessor-version":[{"id":46508,"href":"https:\/\/zonaroja.com.mx\/index.php?rest_route=\/wp\/v2\/posts\/46506\/revisions\/46508"}],"wp:featuredmedia":[{"embeddable":true,"href":"https:\/\/zonaroja.com.mx\/index.php?rest_route=\/wp\/v2\/media\/46507"}],"wp:attachment":[{"href":"https:\/\/zonaroja.com.mx\/index.php?rest_route=%2Fwp%2Fv2%2Fmedia&parent=46506"}],"wp:term":[{"taxonomy":"category","embeddable":true,"href":"https:\/\/zonaroja.com.mx\/index.php?rest_route=%2Fwp%2Fv2%2Fcategories&post=46506"},{"taxonomy":"post_tag","embeddable":true,"href":"https:\/\/zonaroja.com.mx\/index.php?rest_route=%2Fwp%2Fv2%2Ftags&post=46506"}],"curies":[{"name":"wp","href":"https:\/\/api.w.org\/{rel}","templated":true}]}}