{"id":46512,"date":"2022-10-03T22:07:41","date_gmt":"2022-10-04T03:07:41","guid":{"rendered":"http:\/\/www.zonaroja.com.mx\/?p=46512"},"modified":"2022-10-03T22:37:21","modified_gmt":"2022-10-04T03:37:21","slug":"capital-violenta-suman-cuatro-personas-asesinadas-en-menos-de-24-horas","status":"publish","type":"post","link":"https:\/\/zonaroja.com.mx\/?p=46512","title":{"rendered":"Capital violenta: suman cuatro personas asesinadas en menos de 24 horas"},"content":{"rendered":"\n<p>Ismael Garc\u00eda M.\/Zona Roja.<\/p>\n\n\n\n<p>Oaxaca de Ju\u00e1rez, Oax., a 3 de octubre de 2022.- Sin estrategias por parte de seguridad p\u00fablica municipal para detener la ola criminal, la ciudad de Oaxaca acumula cuatro asesinatos, perpetrados en menos de 24 horas.<\/p>\n\n\n\n<p>La tarde-noche de este lunes , en la carretera Oaxaca-M\u00e9xico, en jurisdicci\u00f3n de Santa Rosa Panzacola, cerca del mercado zonal, fue acribillada una empresaria del transporte p\u00fablico.<\/p>\n\n\n\n<p>La v\u00edctima fue identificada como Mar\u00eda del Carmen G. C., y viajaba a bordo de su camioneta marca Dodge, tipo Journey, con placas de circulaci\u00f3n TMB-7239, cuando fue atacada por sujetos a bordo de una motocicleta, que le dispararon en al menos siete ocasiones.<\/p>\n\n\n\n<p>La v\u00edctima qued\u00f3 en el interior de la unidad de motor mientras los presuntos delincuentes hu\u00edan con rumbo al poniente de la capital.<\/p>\n\n\n\n<p>Param\u00e9dicos de la Cruz Roja Mexicana arribaron al sitio para brindar los primeros auxilios, pero corroboraron que la mujer ya hab\u00eda perdido la vida.<\/p>\n\n\n\n<p>De manera preliminar se inform\u00f3 que se trata de una de las socias de la l\u00ednea de transporte Choferes del Sur.<\/p>\n\n\n\n<p>Por otra parte, en la ma\u00f1ana de este lunes se confirm\u00f3 la muerte de una persona del sexo masculino, que fue atacada a balazos en la calle Emilio Carranza esquina Heroica Escuela Naval Militar de la ciudad de Oaxaca, donde anoche fueron ultimadas a balazos otras dos personas, estas \u00faltimas originarias de Veracruz. &nbsp; &nbsp;<\/p>\n\n\n\n<p>Pese a ello, el presidente municipal de Oaxaca de Ju\u00e1rez, Francisco Mart\u00ednez Neri, mantiene en el cargo al secretario de Seguridad, Ra\u00fal \u00c1vila Ibarra, surgido de las filas castrenses.<\/p>\n\n\n\n<figure class=\"wp-block-embed is-type-rich is-provider-twitter wp-block-embed-twitter\"><div class=\"wp-block-embed__wrapper\">\n<div class=\"twitter-tweet\"><blockquote class=\"twitter-tweet\" data-lang=\"es\"><p lang=\"es\" dir=\"ltr\"><a href=\"https:\/\/twitter.com\/hashtag\/%C3%9AltimoMinuto?src=hash&amp;ref_src=twsrc%5Etfw\">#\u00daltimoMinuto<\/a> <br>Escala la violencia criminal en la ciudad de <a href=\"https:\/\/twitter.com\/hashtag\/Oaxaca?src=hash&amp;ref_src=twsrc%5Etfw\">#Oaxaca<\/a>.<br>Esta noche acribillan a una mujer en la carretera Internacional frente al mercado zonal de Santa Rosa Panzacola.<br>La identifican como la empresaria Mar\u00eda del Carmen Gallegos Candiani y confirman que ya muri\u00f3. <a href=\"https:\/\/t.co\/8w43ZybeDJ\">pic.twitter.com\/8w43ZybeDJ<\/a><\/p>&mdash; Zona Roja Oaxaca (@ZonaRoja_Oaxaca) <a href=\"https:\/\/twitter.com\/ZonaRoja_Oaxaca\/status\/1577097095651430401?ref_src=twsrc%5Etfw\">4 de octubre de 2022<\/a><\/blockquote><\/div>\n<\/div><\/figure>\n","protected":false},"excerpt":{"rendered":"<p>Ismael Garc\u00eda M.\/Zona Roja. Oaxaca de Ju\u00e1rez, Oax., a 3 de octubre de 2022.- Sin&hellip;<\/p>\n","protected":false},"author":2,"featured_media":46513,"comment_status":"closed","ping_status":"open","sticky":false,"template":"","format":"standard","meta":{"_lmt_disableupdate":"","_lmt_disable":"","_jetpack_memberships_contains_paid_content":false,"footnotes":""},"categories":[109,51],"tags":[148],"class_list":["post-46512","post","type-post","status-publish","format-standard","has-post-thumbnail","hentry","category-minuto-a-minuto","category-zona-roja","tag-oaxaca-de-juarez"],"jetpack_featured_media_url":"https:\/\/zonaroja.com.mx\/wp-content\/uploads\/2022\/10\/Empresaria-asesinada-ciudad-de-Oaxaca.jpg","jetpack_sharing_enabled":true,"_links":{"self":[{"href":"https:\/\/zonaroja.com.mx\/index.php?rest_route=\/wp\/v2\/posts\/46512","targetHints":{"allow":["GET"]}}],"collection":[{"href":"https:\/\/zonaroja.com.mx\/index.php?rest_route=\/wp\/v2\/posts"}],"about":[{"href":"https:\/\/zonaroja.com.mx\/index.php?rest_route=\/wp\/v2\/types\/post"}],"author":[{"embeddable":true,"href":"https:\/\/zonaroja.com.mx\/index.php?rest_route=\/wp\/v2\/users\/2"}],"replies":[{"embeddable":true,"href":"https:\/\/zonaroja.com.mx\/index.php?rest_route=%2Fwp%2Fv2%2Fcomments&post=46512"}],"version-history":[{"count":2,"href":"https:\/\/zonaroja.com.mx\/index.php?rest_route=\/wp\/v2\/posts\/46512\/revisions"}],"predecessor-version":[{"id":46515,"href":"https:\/\/zonaroja.com.mx\/index.php?rest_route=\/wp\/v2\/posts\/46512\/revisions\/46515"}],"wp:featuredmedia":[{"embeddable":true,"href":"https:\/\/zonaroja.com.mx\/index.php?rest_route=\/wp\/v2\/media\/46513"}],"wp:attachment":[{"href":"https:\/\/zonaroja.com.mx\/index.php?rest_route=%2Fwp%2Fv2%2Fmedia&parent=46512"}],"wp:term":[{"taxonomy":"category","embeddable":true,"href":"https:\/\/zonaroja.com.mx\/index.php?rest_route=%2Fwp%2Fv2%2Fcategories&post=46512"},{"taxonomy":"post_tag","embeddable":true,"href":"https:\/\/zonaroja.com.mx\/index.php?rest_route=%2Fwp%2Fv2%2Ftags&post=46512"}],"curies":[{"name":"wp","href":"https:\/\/api.w.org\/{rel}","templated":true}]}}