{"id":46517,"date":"2022-10-04T09:47:00","date_gmt":"2022-10-04T14:47:00","guid":{"rendered":"http:\/\/www.zonaroja.com.mx\/?p=46517"},"modified":"2022-10-04T06:48:49","modified_gmt":"2022-10-04T11:48:49","slug":"exigen-veto-contra-reforma-de-paridad-en-oaxaca-avalada-por-morenistas","status":"publish","type":"post","link":"https:\/\/zonaroja.com.mx\/?p=46517","title":{"rendered":"Exigen veto contra reforma de paridad en Oaxaca, avalada por morenistas"},"content":{"rendered":"\n<p>Yuridiana Sosa\/Zona Roja.<\/p>\n\n\n\n<p>Oaxaca de Ju\u00e1rez, Oax., a 4 de octubre de 2022.- La voz de inconformidad de organizaciones, activistas feministas y defensoras de derechos humanos en Oaxaca es cada vez mayor ante la reforma que prolonga por tiempo indefinido a las mujeres ind\u00edgenas el derecho&nbsp;a ser electas.<\/p>\n\n\n\n<p>Cientos de mujeres, autoridades y activistas ind\u00edgenas han manifestado su inconformidad ante la determinaci\u00f3n de la 65 Legislatura de Oaxaca, por lo que exigen al gobernador Alejandro Murat aplique un veto a la reforma al art\u00edculo Transitorio Tercero del Decreto n\u00famero 1511, de mayo de 2020.<\/p>\n\n\n\n<p>Por medio de un pronunciamiento dirigido al mandatario estatal, Feministas por los Derechos de las Mujeres se\u00f1alaron que la reforma, que elimina la obligatoriedad de los municipios para aplicar la paridad en los cabildos por Sistemas Normativos Ind\u00edgenas en 2023, s\u00f3lo favorece privilegios masculinos y erosiona la d\u00e9bil democracia.<\/p>\n\n\n\n<p>\u201cCon la convicci\u00f3n de que los derechos humanos no se consultan y no se sujetan a plazos, sino se&nbsp;reconocen y se garantizan, le pedimos al Gobernador Constitucional del Estado, Mtro. Alejandro I.&nbsp;Murat Hinojosa, que haga uso de su facultad de veto a la reciente reforma legislativa que coloca a las mujeres de 417 municipios que se rigen por Sistemas Normativos Ind\u00edgenas, en un estado de<\/p>\n\n\n\n<p>Excepci\u00f3n\u201d, demandaron.<\/p>\n\n\n\n<p>El derecho de las mujeres a participar en la pol\u00edtica de sus comunidades \u201cno se trata de una concesi\u00f3n que dependa del voluntarismo de los partidos pol\u00edticos representados en los parlamentos, la paridad es un derecho que no debe ser alterado dependiendo de las circunstancias pol\u00edticas, apuntaron en torno a la propuesta que present\u00f3 Morena y aval\u00f3 junto con el Partido del Trabajo y Verde Ecologista de M\u00e9xico.<\/p>\n\n\n\n<p>\u201cLa 65 Legislatura le niega por tiempo indefinido a las mujeres ind\u00edgenas el derecho&nbsp;a ser electas y representar pol\u00edticamente a la ciudadan\u00eda en los municipios que se rigen por sus&nbsp;Sistemas Normativos Ind\u00edgenas\u201d, sentenci\u00f3 una engrosada lista de activistas.<\/p>\n\n\n\n<p>M\u00c1S VOCES<\/p>\n\n\n\n<p>Previo a dicho pronunciamiento, otro centenar de mujeres tambi\u00e9n fij\u00f3 postura contra la reforma.<\/p>\n\n\n\n<p>El grupo, suscrito por defensoras, autoridades, activistas y autoridades ind\u00edgenas, destac\u00f3 que es falso que la paridad atente contra la autonom\u00eda y libre determinaci\u00f3n de los pueblos, pues diversos municipios de SNI han demostrado que s\u00ed se pueden ejercer estos dos derechos en armon\u00eda.<\/p>\n\n\n\n<p>Es as\u00ed que condenaron la propuesta de Morena, calificada como \u201cretrograda\u201d, pues la reforma plante\u00f3 a las mujeres como seres incapaces para ejercer cargos; \u201cseg\u00fan ellas (las legisladoras) las mujeres que somos autoridades en nuestras comunidades, no tenemos capacidad de decisi\u00f3n, pues s\u00f3lo obedecemos lo que nos dicen los asesores\u201d.<\/p>\n\n\n\n<p>Los colectivos, autoridades y activistas llamaron a las mujeres a defender sus derechos, as\u00ed como a las autoridades en los distintos \u00e1mbitos a garantizar las acciones afirmativas de g\u00e9nero, eliminando cualquier forma de discriminaci\u00f3n y exclusi\u00f3n hist\u00f3rica o estructural.<\/p>\n","protected":false},"excerpt":{"rendered":"<p>Yuridiana Sosa\/Zona Roja. Oaxaca de Ju\u00e1rez, Oax., a 4 de octubre de 2022.- La voz&hellip;<\/p>\n","protected":false},"author":2,"featured_media":23640,"comment_status":"closed","ping_status":"open","sticky":false,"template":"","format":"standard","meta":{"_lmt_disableupdate":"","_lmt_disable":"","_jetpack_memberships_contains_paid_content":false,"footnotes":""},"categories":[109,47],"tags":[],"class_list":["post-46517","post","type-post","status-publish","format-standard","has-post-thumbnail","hentry","category-minuto-a-minuto","category-zona-gris"],"jetpack_featured_media_url":"https:\/\/zonaroja.com.mx\/wp-content\/uploads\/2021\/02\/2-1.jpg","jetpack_sharing_enabled":true,"_links":{"self":[{"href":"https:\/\/zonaroja.com.mx\/index.php?rest_route=\/wp\/v2\/posts\/46517","targetHints":{"allow":["GET"]}}],"collection":[{"href":"https:\/\/zonaroja.com.mx\/index.php?rest_route=\/wp\/v2\/posts"}],"about":[{"href":"https:\/\/zonaroja.com.mx\/index.php?rest_route=\/wp\/v2\/types\/post"}],"author":[{"embeddable":true,"href":"https:\/\/zonaroja.com.mx\/index.php?rest_route=\/wp\/v2\/users\/2"}],"replies":[{"embeddable":true,"href":"https:\/\/zonaroja.com.mx\/index.php?rest_route=%2Fwp%2Fv2%2Fcomments&post=46517"}],"version-history":[{"count":1,"href":"https:\/\/zonaroja.com.mx\/index.php?rest_route=\/wp\/v2\/posts\/46517\/revisions"}],"predecessor-version":[{"id":46518,"href":"https:\/\/zonaroja.com.mx\/index.php?rest_route=\/wp\/v2\/posts\/46517\/revisions\/46518"}],"wp:featuredmedia":[{"embeddable":true,"href":"https:\/\/zonaroja.com.mx\/index.php?rest_route=\/wp\/v2\/media\/23640"}],"wp:attachment":[{"href":"https:\/\/zonaroja.com.mx\/index.php?rest_route=%2Fwp%2Fv2%2Fmedia&parent=46517"}],"wp:term":[{"taxonomy":"category","embeddable":true,"href":"https:\/\/zonaroja.com.mx\/index.php?rest_route=%2Fwp%2Fv2%2Fcategories&post=46517"},{"taxonomy":"post_tag","embeddable":true,"href":"https:\/\/zonaroja.com.mx\/index.php?rest_route=%2Fwp%2Fv2%2Ftags&post=46517"}],"curies":[{"name":"wp","href":"https:\/\/api.w.org\/{rel}","templated":true}]}}