{"id":46522,"date":"2022-10-04T07:35:58","date_gmt":"2022-10-04T12:35:58","guid":{"rendered":"http:\/\/www.zonaroja.com.mx\/?p=46522"},"modified":"2022-10-04T07:35:59","modified_gmt":"2022-10-04T12:35:59","slug":"fortalece-poder-judicial-cultura-de-la-paz-con-la-semana-de-la-mediacion","status":"publish","type":"post","link":"https:\/\/zonaroja.com.mx\/?p=46522","title":{"rendered":"Fortalece Poder Judicial cultura de la paz con la Semana de la Mediaci\u00f3n"},"content":{"rendered":"\n<p>Redacci\u00f3n\/Zona Roja.<\/p>\n\n\n\n<p>Oaxaca de Ju\u00e1rez, Oax., a 4 de octubre de 2022.- Con la presentaci\u00f3n del&nbsp;libro \u201cResoluci\u00f3n Electr\u00f3nica de Disputas(ODR): Acceso a la justicia digital\u201d, de la autor\u00eda de la doctora&nbsp;Amada Mar\u00eda Arley Ordu\u00f1a&nbsp;y la editorial espa\u00f1ola Tirant Lo Blanch, el Poder Judicial del Estado concluy\u00f3 las actividades de la Semana de la Mediaci\u00f3n, organizada&nbsp;en colaboraci\u00f3n con la Asociaci\u00f3n para la Resoluci\u00f3n de Conflictos, ARCO, A. C.,&nbsp;en el marco de las actividades del 20 Aniversario del Centro de Justicia Alternativa.&nbsp;<\/p>\n\n\n\n<p>Expositores de talla nacional e internacional impartieron conferencias magistrales, paneles y talleres a los que asistieron&nbsp;operadores de justicia,&nbsp;el foro de abogados,&nbsp;notarios,&nbsp;comunidad acad\u00e9mica y sociedad en general, en un&nbsp;ejercicio de di\u00e1logo y reflexi\u00f3n sobre&nbsp;las herramientas actuales para&nbsp;la soluci\u00f3n pac\u00edfica de los conflictos, tema prioritario en la administraci\u00f3n del magistrado Eduardo Pinacho S\u00e1nchez.&nbsp;<\/p>\n\n\n\n<p>En entrevista en el marco de&nbsp;la presentaci\u00f3n del libro, el secretario general de ARCO, A.C., primera organizaci\u00f3n nacional para mediadores en M\u00e9xico, maestro&nbsp;Rafael Lobo Niembro&nbsp;destac\u00f3 el inter\u00e9s del Poder Judicial de Oaxaca para dar a conocer a la ciudadan\u00eda que la v\u00eda judicial&nbsp;no es la \u00fanica forma de obtener soluciones&nbsp;y entre otras posibilidades&nbsp;se encuentra&nbsp;la mediaci\u00f3n, que facilita el fortalecimiento de&nbsp;la cultura de la paz.&nbsp;<\/p>\n\n\n\n<p>\u201cNos urgen&nbsp;pacificar los entornos&nbsp;de&nbsp;nuestro pa\u00eds y no va a ser desde la confrontaci\u00f3n, desde la lucha de poderes del m\u00e1s fuerte contra el m\u00e1s d\u00e9bil. Este es el rostro humano de la justicia, es el rescate de la persona,&nbsp;no de un n\u00famero de expediente. Entonces, que recobren las personas su protagonismo, vuelvan a tener rostro y voz es una manera de ciudadanizar y democratizar la justicia\u201d, afirm\u00f3.&nbsp;<\/p>\n\n\n\n<p>Sobre el&nbsp;libro \u201cResoluci\u00f3n Electr\u00f3nica de Disputas (ODR): Acceso a la justicia digital\u201d,&nbsp;durante&nbsp;la presentaci\u00f3n&nbsp;se detall\u00f3&nbsp;que desde la experiencia pr\u00e1ctica de la autora y ante&nbsp;la nueva realidad&nbsp;derivada de la pandemia sanitaria&nbsp;y la &nbsp;necesidad de transformar los Poderes Judiciales, ofrece una base te\u00f3rica que detalla las herramientas, an\u00e1lisis y procesos para desarrollar plataformasOnline Dispute Resolution&nbsp;(ODR,&nbsp;por su acr\u00f3nimo en&nbsp;ingl\u00e9s)&nbsp;y Tribunales Electr\u00f3nicos que promuevan el Acceso a Justicia Digital en M\u00e9xico.<\/p>\n\n\n\n<p>En la clausura de las actividades de la Semana de la Mediaci\u00f3n estuvieron presentes&nbsp;los directores del Centro de Justicia Alternativa, Betzzaida Cruz Mendoza y de Escuela Judicial, H\u00e9ctor Humberto V\u00e1squez Quevedo&nbsp;y&nbsp;ponentes como la maestra Bertha Mary&nbsp;Rodr\u00edguez&nbsp;Villa, el magistrado Sergio Valls, el maestro C\u00e9sar P\u00e9rez Rojas y la doctora&nbsp;Amada Mar\u00eda Arley Ordu\u00f1a.<\/p>\n","protected":false},"excerpt":{"rendered":"<p>Redacci\u00f3n\/Zona Roja. Oaxaca de Ju\u00e1rez, Oax., a 4 de octubre de 2022.- Con la presentaci\u00f3n&hellip;<\/p>\n","protected":false},"author":2,"featured_media":46523,"comment_status":"closed","ping_status":"open","sticky":false,"template":"","format":"standard","meta":{"_lmt_disableupdate":"","_lmt_disable":"","_jetpack_memberships_contains_paid_content":false,"footnotes":""},"categories":[109,46],"tags":[223],"class_list":["post-46522","post","type-post","status-publish","format-standard","has-post-thumbnail","hentry","category-minuto-a-minuto","category-zona-blanca","tag-poder-judicial-de-oaxaca"],"jetpack_featured_media_url":"https:\/\/zonaroja.com.mx\/wp-content\/uploads\/2022\/10\/Semana-de-la-mediacion-Poder-Judicial.jpg","jetpack_sharing_enabled":true,"_links":{"self":[{"href":"https:\/\/zonaroja.com.mx\/index.php?rest_route=\/wp\/v2\/posts\/46522","targetHints":{"allow":["GET"]}}],"collection":[{"href":"https:\/\/zonaroja.com.mx\/index.php?rest_route=\/wp\/v2\/posts"}],"about":[{"href":"https:\/\/zonaroja.com.mx\/index.php?rest_route=\/wp\/v2\/types\/post"}],"author":[{"embeddable":true,"href":"https:\/\/zonaroja.com.mx\/index.php?rest_route=\/wp\/v2\/users\/2"}],"replies":[{"embeddable":true,"href":"https:\/\/zonaroja.com.mx\/index.php?rest_route=%2Fwp%2Fv2%2Fcomments&post=46522"}],"version-history":[{"count":1,"href":"https:\/\/zonaroja.com.mx\/index.php?rest_route=\/wp\/v2\/posts\/46522\/revisions"}],"predecessor-version":[{"id":46524,"href":"https:\/\/zonaroja.com.mx\/index.php?rest_route=\/wp\/v2\/posts\/46522\/revisions\/46524"}],"wp:featuredmedia":[{"embeddable":true,"href":"https:\/\/zonaroja.com.mx\/index.php?rest_route=\/wp\/v2\/media\/46523"}],"wp:attachment":[{"href":"https:\/\/zonaroja.com.mx\/index.php?rest_route=%2Fwp%2Fv2%2Fmedia&parent=46522"}],"wp:term":[{"taxonomy":"category","embeddable":true,"href":"https:\/\/zonaroja.com.mx\/index.php?rest_route=%2Fwp%2Fv2%2Fcategories&post=46522"},{"taxonomy":"post_tag","embeddable":true,"href":"https:\/\/zonaroja.com.mx\/index.php?rest_route=%2Fwp%2Fv2%2Ftags&post=46522"}],"curies":[{"name":"wp","href":"https:\/\/api.w.org\/{rel}","templated":true}]}}