{"id":46525,"date":"2022-10-04T07:49:00","date_gmt":"2022-10-04T12:49:00","guid":{"rendered":"http:\/\/www.zonaroja.com.mx\/?p=46525"},"modified":"2022-10-04T07:49:02","modified_gmt":"2022-10-04T12:49:02","slug":"asesinan-a-empresario-ganadero-de-huajuapan-de-leon","status":"publish","type":"post","link":"https:\/\/zonaroja.com.mx\/?p=46525","title":{"rendered":"Asesinan a empresario ganadero de Huajuapan de Le\u00f3n"},"content":{"rendered":"\n<p>Redacci\u00f3n\/Zona Roja.<\/p>\n\n\n\n<p>Oaxaca de Ju\u00e1rez, Oax., a 4 de octubre de 2022.- Un empresario ganadero fue asesinado a balazos ayer en Huajuapan de Le\u00f3n, confirmaron autoridades policiacas y ministeriales.<\/p>\n\n\n\n<p>La v\u00edctima fue identificada con el alias de \u201cEl Chester\u201d y proced\u00eda de un torneo de monta en el estado de Puebla, cuando fue atacado a balazos la madrugada de ayer en la localidad de La Sexta Guadalupe.<\/p>\n\n\n\n<p>Era propietario del rancho \u201cLa Muerte\u201d y adem\u00e1s de llevar toros de lidia a jaripeos en localidades de Oaxaca y de estados vecinos, participaba tambi\u00e9n en dichos festejos.<\/p>\n\n\n\n<p>Dos personas m\u00e1s resultaron lesionados de bala en el ataque al veh\u00edculo en que viajaban; hasta el momento se desconoce qui\u00e9n o qui\u00e9nes le quitaron la vida, caso que ya investiga la Vicefiscal\u00eda Regional de la Mixteca.<\/p>\n","protected":false},"excerpt":{"rendered":"<p>Redacci\u00f3n\/Zona Roja. Oaxaca de Ju\u00e1rez, Oax., a 4 de octubre de 2022.- Un empresario ganadero&hellip;<\/p>\n","protected":false},"author":2,"featured_media":38093,"comment_status":"closed","ping_status":"open","sticky":false,"template":"","format":"standard","meta":{"_lmt_disableupdate":"","_lmt_disable":"","_jetpack_memberships_contains_paid_content":false,"footnotes":""},"categories":[109,51],"tags":[594],"class_list":["post-46525","post","type-post","status-publish","format-standard","has-post-thumbnail","hentry","category-minuto-a-minuto","category-zona-roja","tag-huajuapan-de-leon"],"jetpack_featured_media_url":"https:\/\/zonaroja.com.mx\/wp-content\/uploads\/2022\/02\/Policia-escena-seguridad-violencia-crimen.jpg","jetpack_sharing_enabled":true,"_links":{"self":[{"href":"https:\/\/zonaroja.com.mx\/index.php?rest_route=\/wp\/v2\/posts\/46525","targetHints":{"allow":["GET"]}}],"collection":[{"href":"https:\/\/zonaroja.com.mx\/index.php?rest_route=\/wp\/v2\/posts"}],"about":[{"href":"https:\/\/zonaroja.com.mx\/index.php?rest_route=\/wp\/v2\/types\/post"}],"author":[{"embeddable":true,"href":"https:\/\/zonaroja.com.mx\/index.php?rest_route=\/wp\/v2\/users\/2"}],"replies":[{"embeddable":true,"href":"https:\/\/zonaroja.com.mx\/index.php?rest_route=%2Fwp%2Fv2%2Fcomments&post=46525"}],"version-history":[{"count":1,"href":"https:\/\/zonaroja.com.mx\/index.php?rest_route=\/wp\/v2\/posts\/46525\/revisions"}],"predecessor-version":[{"id":46526,"href":"https:\/\/zonaroja.com.mx\/index.php?rest_route=\/wp\/v2\/posts\/46525\/revisions\/46526"}],"wp:featuredmedia":[{"embeddable":true,"href":"https:\/\/zonaroja.com.mx\/index.php?rest_route=\/wp\/v2\/media\/38093"}],"wp:attachment":[{"href":"https:\/\/zonaroja.com.mx\/index.php?rest_route=%2Fwp%2Fv2%2Fmedia&parent=46525"}],"wp:term":[{"taxonomy":"category","embeddable":true,"href":"https:\/\/zonaroja.com.mx\/index.php?rest_route=%2Fwp%2Fv2%2Fcategories&post=46525"},{"taxonomy":"post_tag","embeddable":true,"href":"https:\/\/zonaroja.com.mx\/index.php?rest_route=%2Fwp%2Fv2%2Ftags&post=46525"}],"curies":[{"name":"wp","href":"https:\/\/api.w.org\/{rel}","templated":true}]}}