{"id":46530,"date":"2022-10-04T11:25:00","date_gmt":"2022-10-04T16:25:00","guid":{"rendered":"http:\/\/www.zonaroja.com.mx\/?p=46530"},"modified":"2022-10-04T08:27:53","modified_gmt":"2022-10-04T13:27:53","slug":"sube-aprobacion-del-presidente-lopez-obrador-al-56","status":"publish","type":"post","link":"https:\/\/zonaroja.com.mx\/?p=46530","title":{"rendered":"Sube aprobaci\u00f3n del Presidente L\u00f3pez Obrador al 56%"},"content":{"rendered":"\n<p>Redacci\u00f3n\/Zona Roja Cdmx.<\/p>\n\n\n\n<p>Ciudad de M\u00e9xico, a 4 de octubre de 2022.- El presidente Andr\u00e9s Manuel L\u00f3pez Obrador obtuvo un nivel de aprobaci\u00f3n ciudadana de 56 por ciento en septiembre, y una desaprobaci\u00f3n de 42 por ciento, seg\u00fan revela la encuesta de seguimiento de \u201cEl Financiero\u201d para evaluar la labor del mandatario.<\/p>\n\n\n\n<p>De acuerdo con el sondeo, la aprobaci\u00f3n tuvo una variaci\u00f3n positiva de dos puntos con respecto al mes anterior.&nbsp;<\/p>\n\n\n\n<p>Seg\u00fan indica la serie de encuestas realizadas desde diciembre de 2018, cuando tom\u00f3 posesi\u00f3n el mandatario federal, la variaci\u00f3n entre los meses de agosto y septiembre ha sido positiva en cada a\u00f1o, avanzando un punto en 2019, tres puntos en 2020, cinco puntos en 2021 y dos puntos en 2022.<\/p>\n\n\n\n<p>Por lo general, el mes patrio ha sido benigno para la popularidad presidencial en el periodo de L\u00f3pez Obrador: en ning\u00fan septiembre se han registrado bajas.&nbsp;<\/p>\n\n\n\n<p>No obstante, el indicador de percepciones de desempe\u00f1o con respecto a la econom\u00eda del pa\u00eds lleva dos meses al alza en la opini\u00f3n negativa, registrando 56 por ciento de opiniones desfavorables en septiembre y s\u00f3lo 26 por ciento de opini\u00f3n favorable, siendo este \u00faltimo el nivel m\u00e1s bajo de los \u00faltimos 12 meses.<\/p>\n\n\n\n<p>Al preguntar c\u00f3mo eval\u00faan el desempe\u00f1o del gobierno con respecto a la inflaci\u00f3n y el alza de precios, 17 por ciento de las personas entrevistas manifest\u00f3 una opini\u00f3n favorable, ya sea buena o muy buena, mientras que 70 por ciento expres\u00f3 una opini\u00f3n desfavorable.&nbsp;<\/p>\n\n\n\n<p>A pesar de que el Presidente ha enfatizado en sus conferencias ma\u00f1aneras que su gobierno ha tomado las medidas correctas para aminorar los efectos de la inflaci\u00f3n, el aumento de precios parece ya estar influyendo en el estado de \u00e1nimo de la poblaci\u00f3n de una manera negativa.<\/p>\n\n\n\n<p>Por otro lado, las percepciones sobre el manejo de la seguridad p\u00fablica y de la corrupci\u00f3n no registraron cambios relevantes en el \u00faltimo mes, y en ambos rubros la opini\u00f3n negativa sigue siendo predominante, con 60 por ciento en el caso del manejo de la seguridad y 49 por ciento en el caso del manejo de la corrupci\u00f3n.<\/p>\n\n\n\n<p>En el tema de seguridad p\u00fablica, el sondeo plante\u00f3 preguntas sobre la Guardia Nacional. Las opiniones est\u00e1n divididas con respecto a si \u00e9sta debe tener un mando civil o pasar a depender de la Secretar\u00eda de la Defensa Nacional: 49 por ciento cree que s\u00ed debe depender de la corporaci\u00f3n, frente a 45 por ciento que prefiere un mando civil.<\/p>\n\n\n\n<p>Con respecto a la iniciativa que se ha discutido en el Congreso, sobre si las labores de las Fuerzas Armadas en seguridad p\u00fablica se deben ampliar hasta 2028, 50 por ciento de los entrevistados se\u00f1al\u00f3 que s\u00ed se debe aprobar la propuesta, frente a 43 por ciento que cree que se debe rechazar.<\/p>\n\n\n\n<p>El jefe del Ejecutivo admiti\u00f3 que cambi\u00f3 de opini\u00f3n con respecto al uso de las Fuerzas Armadas en las labores de seguridad p\u00fablica, postura que, antes de ser Presidente, rechazaba.&nbsp;<\/p>\n\n\n\n<p>Al preguntar si aprueban o desaprueban este cambio de opini\u00f3n de L\u00f3pez Obrador, 48 por ciento indic\u00f3 que aprueba, mientras que 47 por ciento desaprueba, una opini\u00f3n dividida.<\/p>\n\n\n\n<p>(Informaci\u00f3n de \u201cEl Financiero\u201d)<\/p>\n","protected":false},"excerpt":{"rendered":"<p>Redacci\u00f3n\/Zona Roja Cdmx. Ciudad de M\u00e9xico, a 4 de octubre de 2022.- El presidente Andr\u00e9s&hellip;<\/p>\n","protected":false},"author":2,"featured_media":37135,"comment_status":"closed","ping_status":"open","sticky":false,"template":"","format":"standard","meta":{"_lmt_disableupdate":"","_lmt_disable":"","_jetpack_memberships_contains_paid_content":false,"footnotes":""},"categories":[109,46],"tags":[143],"class_list":["post-46530","post","type-post","status-publish","format-standard","has-post-thumbnail","hentry","category-minuto-a-minuto","category-zona-blanca","tag-andres-manuel-lopez-obrador"],"jetpack_featured_media_url":"https:\/\/zonaroja.com.mx\/wp-content\/uploads\/2022\/02\/Andres-Manuel-Lopez-Obrador.jpg","jetpack_sharing_enabled":true,"_links":{"self":[{"href":"https:\/\/zonaroja.com.mx\/index.php?rest_route=\/wp\/v2\/posts\/46530","targetHints":{"allow":["GET"]}}],"collection":[{"href":"https:\/\/zonaroja.com.mx\/index.php?rest_route=\/wp\/v2\/posts"}],"about":[{"href":"https:\/\/zonaroja.com.mx\/index.php?rest_route=\/wp\/v2\/types\/post"}],"author":[{"embeddable":true,"href":"https:\/\/zonaroja.com.mx\/index.php?rest_route=\/wp\/v2\/users\/2"}],"replies":[{"embeddable":true,"href":"https:\/\/zonaroja.com.mx\/index.php?rest_route=%2Fwp%2Fv2%2Fcomments&post=46530"}],"version-history":[{"count":1,"href":"https:\/\/zonaroja.com.mx\/index.php?rest_route=\/wp\/v2\/posts\/46530\/revisions"}],"predecessor-version":[{"id":46531,"href":"https:\/\/zonaroja.com.mx\/index.php?rest_route=\/wp\/v2\/posts\/46530\/revisions\/46531"}],"wp:featuredmedia":[{"embeddable":true,"href":"https:\/\/zonaroja.com.mx\/index.php?rest_route=\/wp\/v2\/media\/37135"}],"wp:attachment":[{"href":"https:\/\/zonaroja.com.mx\/index.php?rest_route=%2Fwp%2Fv2%2Fmedia&parent=46530"}],"wp:term":[{"taxonomy":"category","embeddable":true,"href":"https:\/\/zonaroja.com.mx\/index.php?rest_route=%2Fwp%2Fv2%2Fcategories&post=46530"},{"taxonomy":"post_tag","embeddable":true,"href":"https:\/\/zonaroja.com.mx\/index.php?rest_route=%2Fwp%2Fv2%2Ftags&post=46530"}],"curies":[{"name":"wp","href":"https:\/\/api.w.org\/{rel}","templated":true}]}}