{"id":46533,"date":"2022-10-04T12:47:34","date_gmt":"2022-10-04T17:47:34","guid":{"rendered":"https:\/\/www.zonaroja.com.mx\/?p=46533"},"modified":"2022-10-04T12:47:36","modified_gmt":"2022-10-04T17:47:36","slug":"agreden-a-reportero-en-bloqueo-de-santa-cruz-xoxocotlan-oaxaca","status":"publish","type":"post","link":"https:\/\/zonaroja.com.mx\/?p=46533","title":{"rendered":"Agreden a reportero en bloqueo de Santa Cruz Xoxocotl\u00e1n, Oaxaca"},"content":{"rendered":"\n<p>Yuridiana Sosa\/Zona Roja.<\/p>\n\n\n\n<p>Oaxaca de Ju\u00e1rez, Oax., 4 de octubre de 2022.- Envalentonados por estar semicubiertos del rostro y acompa\u00f1ados de transportistas, manifestantes de Santa Cruz Xoxocotl\u00e1n agredieron al reportero de medios digitales de Oaxaca, Pedro Jos\u00e9 Luis Jer\u00f3nimo, durante el ejercicio de su labor la ma\u00f1ana de este martes. <\/p>\n\n\n\n<p>La agresi\u00f3n f\u00edsica, con golpes y empujones, se registr\u00f3 en el crucero de la Ex Garita sobre el bulevar Guadalupe Hinojosa de ese municipio conurbado a la capital, por parte de hombres que presuntamente pertenecen a la organizaci\u00f3n social Frente Popular \u201c14 de Junio\u201d, azuzados a movilizarse, supuestamente, por la ex candidata a la presidencia, Tania L\u00f3pez.<\/p>\n\n\n\n<p>El reportero registraba los hechos con su tel\u00e9fono, cuando sin mediar palabra uno de los manifestantes se acerc\u00f3 para intentar golpearlo, arrebatarle su tel\u00e9fono y alejarlo de un pu\u00f1ado de inconformes que trataban de impedir la labor de taxistas for\u00e1neos.&nbsp;<\/p>\n\n\n\n<p>A intervenci\u00f3n de compa\u00f1eros de medios de comunicaci\u00f3n, que no dejaron de evidenciar el hecho en sus grabaciones, el resto del grupo de hombres tambi\u00e9n intervino para detener al agresor. &nbsp;<\/p>\n\n\n\n<p>Se sum\u00f3 a la defensa del comunicador, una ciudadana que particip\u00f3 en la protesta contra el edil Inocente Castellanos Alejos. <\/p>\n\n\n\n<p>\u201c\u00a1Es reportero, d\u00e9jalos que grave, que grave, est\u00e1 haciendo su trabajo!\u201d, \u201c\u00a1Nada de violencia!\u201d, orden\u00f3 una mujer de la tercera edad, quien se aproxim\u00f3 a la brevedad una vez que se registr\u00f3 el hecho. \u201c\u00a1Pero no nos vamos de aqu\u00ed!\u201d, advirti\u00f3 a los reporteros. <\/p>\n\n\n\n<figure class=\"wp-block-embed\"><div class=\"wp-block-embed__wrapper\">\n<div class=\"twitter-tweet\"><blockquote class=\"twitter-tweet\" data-lang=\"es\"><p lang=\"es\" dir=\"ltr\">El presidente de la <a href=\"https:\/\/twitter.com\/DDHPO?ref_src=twsrc%5Etfw\">@DDHPO<\/a>, <a href=\"https:\/\/twitter.com\/DefensorOax?ref_src=twsrc%5Etfw\">@DefensorOax<\/a>, conden\u00f3 la agresi\u00f3n al reportero Pedro Jos\u00e9 Luis Jer\u00f3nimo, ocurrido la ma\u00f1ana de hoy en Santa Cruz Xoxocotl\u00e1n, as\u00ed como los ataques a la prensa y a la libertad de expresi\u00f3n en la entidad. <a href=\"https:\/\/t.co\/ytYpdNfv3P\">pic.twitter.com\/ytYpdNfv3P<\/a><\/p>&mdash; Zona Roja Oaxaca (@ZonaRoja_Oaxaca) <a href=\"https:\/\/twitter.com\/ZonaRoja_Oaxaca\/status\/1577343566459949056?ref_src=twsrc%5Etfw\">4 de octubre de 2022<\/a><\/blockquote><\/div>\n<\/div><\/figure>\n\n\n\n<p>CONDENAN AGRESI\u00d3N <\/p>\n\n\n\n<p>El titular de la Defensor\u00eda de los Derechos Humanos del Pueblo de Oaxaca (DDHPO), Bernardo Rodr\u00edguez Alamilla, conden\u00f3 la agresi\u00f3n al periodista Pedro Jos\u00e9 Luis Jer\u00f3nimo ocurrida la ma\u00f1ana de este martes en la cobertura de un bloqueo en Santa Cruz Xoxocotl\u00e1n.<\/p>\n\n\n\n<p>El hecho, dijo, es deleznable, adem\u00e1s que una agresi\u00f3n a un reportero significa tambi\u00e9n una agresi\u00f3n a la ciudadan\u00eda que se informa a trav\u00e9s de ese representante de los medios de comunicaci\u00f3n y ofreci\u00f3 el acompa\u00f1amiento del organismo al reportero, como tambi\u00e9n ha ocurrido en otros casos.&nbsp;<\/p>\n\n\n\n<p>Record\u00f3 que Oaxaca es de los estados con m\u00e1s incidencias de violencia contra la prensa, la cual se extiende al interior del estado.&nbsp;<\/p>\n\n\n\n<p>Rodr\u00edguez Alamilla reconoci\u00f3 que la recurrencia de estos hechos representa una falta de atenci\u00f3n de las autoridades para detener las agresiones, pero, adem\u00e1s, es necesario atender las causas que generan esas violencias. <\/p>\n\n\n\n<p>SIGUE PROTESTA  <\/p>\n\n\n\n<p>En tanto, habitantes de la agencia de la Ex Garita de Xoxocotl\u00e1n advirtieron desde la noche del lunes sobre su movilizaci\u00f3n ante la falta de obras y aplicaci\u00f3n de recursos para su comunidad, a menos de tres meses de concluir el ejercicio fiscal 2022. <\/p>\n\n\n\n<p>Adem\u00e1s, de atender y solucionar a la brevedad la falta de recolecci\u00f3n de basura, el cual se suspendi\u00f3 por el cierre del basurero municipal en Zaachila y hasta el momento no se ha habilitado otro, ocupando hasta espacios privados para habilitar tiraderos, causando molestia en las zonas habitacionales que colindan con estos espacios. <\/p>\n","protected":false},"excerpt":{"rendered":"<p>Yuridiana Sosa\/Zona Roja. Oaxaca de Ju\u00e1rez, Oax., 4 de octubre de 2022.- Envalentonados por estar&hellip;<\/p>\n","protected":false},"author":2,"featured_media":46532,"comment_status":"closed","ping_status":"open","sticky":false,"template":"","format":"standard","meta":{"_lmt_disableupdate":"","_lmt_disable":"","_jetpack_memberships_contains_paid_content":false,"footnotes":""},"categories":[109,47],"tags":[],"class_list":["post-46533","post","type-post","status-publish","format-standard","has-post-thumbnail","hentry","category-minuto-a-minuto","category-zona-gris"],"jetpack_featured_media_url":"https:\/\/zonaroja.com.mx\/wp-content\/uploads\/2022\/10\/0f189194-a8f9-48c2-aa45-7594abcc1b6a.jpg","jetpack_sharing_enabled":true,"_links":{"self":[{"href":"https:\/\/zonaroja.com.mx\/index.php?rest_route=\/wp\/v2\/posts\/46533","targetHints":{"allow":["GET"]}}],"collection":[{"href":"https:\/\/zonaroja.com.mx\/index.php?rest_route=\/wp\/v2\/posts"}],"about":[{"href":"https:\/\/zonaroja.com.mx\/index.php?rest_route=\/wp\/v2\/types\/post"}],"author":[{"embeddable":true,"href":"https:\/\/zonaroja.com.mx\/index.php?rest_route=\/wp\/v2\/users\/2"}],"replies":[{"embeddable":true,"href":"https:\/\/zonaroja.com.mx\/index.php?rest_route=%2Fwp%2Fv2%2Fcomments&post=46533"}],"version-history":[{"count":1,"href":"https:\/\/zonaroja.com.mx\/index.php?rest_route=\/wp\/v2\/posts\/46533\/revisions"}],"predecessor-version":[{"id":46534,"href":"https:\/\/zonaroja.com.mx\/index.php?rest_route=\/wp\/v2\/posts\/46533\/revisions\/46534"}],"wp:featuredmedia":[{"embeddable":true,"href":"https:\/\/zonaroja.com.mx\/index.php?rest_route=\/wp\/v2\/media\/46532"}],"wp:attachment":[{"href":"https:\/\/zonaroja.com.mx\/index.php?rest_route=%2Fwp%2Fv2%2Fmedia&parent=46533"}],"wp:term":[{"taxonomy":"category","embeddable":true,"href":"https:\/\/zonaroja.com.mx\/index.php?rest_route=%2Fwp%2Fv2%2Fcategories&post=46533"},{"taxonomy":"post_tag","embeddable":true,"href":"https:\/\/zonaroja.com.mx\/index.php?rest_route=%2Fwp%2Fv2%2Ftags&post=46533"}],"curies":[{"name":"wp","href":"https:\/\/api.w.org\/{rel}","templated":true}]}}